{"id":877,"date":"2020-10-12T12:10:31","date_gmt":"2020-10-12T10:10:31","guid":{"rendered":"https:\/\/www.sehlberg.net\/ulla-undrar\/?p=877"},"modified":"2020-10-12T12:10:31","modified_gmt":"2020-10-12T10:10:31","slug":"utseende","status":"publish","type":"post","link":"https:\/\/www.sehlberg.net\/ulla-undrar\/utseende\/","title":{"rendered":"Utseende"},"content":{"rendered":"\n<p>Att vara vacker \u00e4r viktigt f\u00f6r m\u00e5nga. Visst har jag \u00f6nskat m\u00e5nga g\u00e5nger att jag varit vackrare, men jag vet att jag duger \u00e4nd\u00e5. Men att vara vacker, att vara inne att vara &#8221;r\u00e4tt&#8221; \u00e4r inte l\u00e4tt. N\u00e4r jag var liten och ungdom, s\u00e5 gillade alltid jag och min syster olika personer i de band som var popul\u00e4ra. Hon gillade ofta trummisen och jag s\u00e5ngaren. De som var snygga d\u00e5, kan inte v\u00e5ra barn se det vackra, speciella med. P\u00e5 samma s\u00e4tt har jag sv\u00e5rt f\u00f6r en del som h\u00f6rs vara tilldragande nu f\u00f6r tiden. S\u00e5 utseende \u00e4r en modesak.<\/p>\n\n\n\n<p>Men \u00e4ven kroppsstorlek \u00e4r en modesak. Men ganska l\u00e4nge har det varit bra att vara smal. Men f\u00f6rut var det runda ett ideal. Vi har det inte l\u00e4tt som m\u00e4nniska. Sen f\u00e5r vi ju inte gl\u00f6mma kl\u00e4derna. D\u00e4r v\u00e4xlar modet s\u00e5 fort, s\u00e5 det man kan vara s\u00e4ker p\u00e5 \u00e4r att man troligtvis \u00e4r &#8221;ute&#8221;.<\/p>\n\n\n\n<p>Jag plockade fram lite blider av mig sj\u00e4lv. Jag t\u00e4nkte p\u00e5 olika frisyrer jag haft under \u00e5rens lopp.  Olika glas\u00f6gon jag haft.<\/p>\n\n\n\n<figure class=\"wp-block-image size-large is-resized is-style-default\"><img loading=\"lazy\" decoding=\"async\" src=\"https:\/\/www.sehlberg.net\/ulla-undrar\/wp-content\/uploads\/2020\/10\/ulla-flata.jpg\" alt=\"\" class=\"wp-image-907\" width=\"192\" height=\"256\" srcset=\"https:\/\/www.sehlberg.net\/ulla-undrar\/wp-content\/uploads\/2020\/10\/ulla-flata.jpg 768w, https:\/\/www.sehlberg.net\/ulla-undrar\/wp-content\/uploads\/2020\/10\/ulla-flata-225x300.jpg 225w\" sizes=\"auto, (max-width: 192px) 100vw, 192px\" \/><\/figure>\n\n\n\n<figure class=\"wp-block-image size-large is-resized\"><img loading=\"lazy\" decoding=\"async\" src=\"https:\/\/www.sehlberg.net\/ulla-undrar\/wp-content\/uploads\/2020\/09\/ulla-pa-tag.jpg\" alt=\"\" class=\"wp-image-880\" width=\"183\" height=\"244\" srcset=\"https:\/\/www.sehlberg.net\/ulla-undrar\/wp-content\/uploads\/2020\/09\/ulla-pa-tag.jpg 768w, https:\/\/www.sehlberg.net\/ulla-undrar\/wp-content\/uploads\/2020\/09\/ulla-pa-tag-225x300.jpg 225w\" sizes=\"auto, (max-width: 183px) 100vw, 183px\" \/><\/figure>\n\n\n\n<figure class=\"wp-block-image size-large is-resized\"><img loading=\"lazy\" decoding=\"async\" src=\"https:\/\/www.sehlberg.net\/ulla-undrar\/wp-content\/uploads\/2020\/09\/ulla-fika.jpg\" alt=\"\" class=\"wp-image-881\" width=\"256\" height=\"192\" srcset=\"https:\/\/www.sehlberg.net\/ulla-undrar\/wp-content\/uploads\/2020\/09\/ulla-fika.jpg 1024w, https:\/\/www.sehlberg.net\/ulla-undrar\/wp-content\/uploads\/2020\/09\/ulla-fika-300x225.jpg 300w, https:\/\/www.sehlberg.net\/ulla-undrar\/wp-content\/uploads\/2020\/09\/ulla-fika-768x576.jpg 768w\" sizes=\"auto, (max-width: 256px) 100vw, 256px\" \/><\/figure>\n\n\n\n<figure class=\"wp-block-image size-large is-resized\"><img loading=\"lazy\" decoding=\"async\" src=\"https:\/\/www.sehlberg.net\/ulla-undrar\/wp-content\/uploads\/2020\/09\/ulla-alv.jpg\" alt=\"\" class=\"wp-image-879\" width=\"256\" height=\"192\" srcset=\"https:\/\/www.sehlberg.net\/ulla-undrar\/wp-content\/uploads\/2020\/09\/ulla-alv.jpg 1024w, https:\/\/www.sehlberg.net\/ulla-undrar\/wp-content\/uploads\/2020\/09\/ulla-alv-300x225.jpg 300w, https:\/\/www.sehlberg.net\/ulla-undrar\/wp-content\/uploads\/2020\/09\/ulla-alv-768x576.jpg 768w\" sizes=\"auto, (max-width: 256px) 100vw, 256px\" \/><\/figure>\n\n\n\n<p> Det \u00e4r olika \u00e5ldrar p\u00e5 mig sj\u00e4lv. Olika frisyrer, olika h\u00e5rf\u00e4rg, olika glas\u00f6gon och kl\u00e4der. Men allt \u00e4r samma person. Sen kan man ju se mig som liten i den \u00f6versta bilden. Det \u00e4r ocks\u00e5 samma person. Visst f\u00f6r\u00e4ndras utseendet, men vi \u00e4r \u00e4nd\u00e5 samma m\u00e4nniska. D\u00e4remot utvecklas vi f\u00f6rhoppningvis under \u00e5ren och blir klokare. <\/p>\n\n\n\n<p>Vem \u00e4r vacker, vem \u00e4r &#8221;inne&#8221; och vem vill du vara n\u00e4ra? Det beh\u00f6ver inte vara samma person. Jag sj\u00e4lv vill helst vara den person som man vill vara n\u00e4ra. <\/p>\n\n\n\n<p><em>Kommentera g\u00e4rna. Tyv\u00e4rr f\u00e5r du inget mail n\u00e4r n\u00e5gon skriver svar p\u00e5 din kommentar, utan du m\u00e5ste komma tillbaka sj\u00e4lv till bloggen och kolla.<\/em><br><strong>V<em>ill du veta n\u00e4r n\u00e4sta blogginl\u00e4gg kommer<\/em><\/strong><em>.<\/em> <a href=\"https:\/\/www.sehlberg.net\/ulla-undrar\/prenumerera\/\">Anm\u00e4l dig h\u00e4r!<\/a><\/p>\n","protected":false},"excerpt":{"rendered":"<p>Att vara vacker \u00e4r viktigt f\u00f6r m\u00e5nga. Visst har jag \u00f6nskat m\u00e5nga g\u00e5nger att jag varit vackrare, men jag vet att jag duger \u00e4nd\u00e5. Men att vara vacker, att vara inne att vara &#8221;r\u00e4tt&#8221; \u00e4r inte l\u00e4tt. N\u00e4r jag var liten och ungdom, s\u00e5 gillade alltid jag och min syster olika personer i de band [&hellip;]<\/p>\n","protected":false},"author":2,"featured_media":882,"comment_status":"open","ping_status":"open","sticky":false,"template":"","format":"standard","meta":{"footnotes":""},"categories":[7],"tags":[],"class_list":["post-877","post","type-post","status-publish","format-standard","has-post-thumbnail","hentry","category-livet"],"_links":{"self":[{"href":"https:\/\/www.sehlberg.net\/ulla-undrar\/wp-json\/wp\/v2\/posts\/877","targetHints":{"allow":["GET"]}}],"collection":[{"href":"https:\/\/www.sehlberg.net\/ulla-undrar\/wp-json\/wp\/v2\/posts"}],"about":[{"href":"https:\/\/www.sehlberg.net\/ulla-undrar\/wp-json\/wp\/v2\/types\/post"}],"author":[{"embeddable":true,"href":"https:\/\/www.sehlberg.net\/ulla-undrar\/wp-json\/wp\/v2\/users\/2"}],"replies":[{"embeddable":true,"href":"https:\/\/www.sehlberg.net\/ulla-undrar\/wp-json\/wp\/v2\/comments?post=877"}],"version-history":[{"count":7,"href":"https:\/\/www.sehlberg.net\/ulla-undrar\/wp-json\/wp\/v2\/posts\/877\/revisions"}],"predecessor-version":[{"id":909,"href":"https:\/\/www.sehlberg.net\/ulla-undrar\/wp-json\/wp\/v2\/posts\/877\/revisions\/909"}],"wp:featuredmedia":[{"embeddable":true,"href":"https:\/\/www.sehlberg.net\/ulla-undrar\/wp-json\/wp\/v2\/media\/882"}],"wp:attachment":[{"href":"https:\/\/www.sehlberg.net\/ulla-undrar\/wp-json\/wp\/v2\/media?parent=877"}],"wp:term":[{"taxonomy":"category","embeddable":true,"href":"https:\/\/www.sehlberg.net\/ulla-undrar\/wp-json\/wp\/v2\/categories?post=877"},{"taxonomy":"post_tag","embeddable":true,"href":"https:\/\/www.sehlberg.net\/ulla-undrar\/wp-json\/wp\/v2\/tags?post=877"}],"curies":[{"name":"wp","href":"https:\/\/api.w.org\/{rel}","templated":true}]}}