{"id":871,"date":"2020-09-29T11:48:51","date_gmt":"2020-09-29T09:48:51","guid":{"rendered":"https:\/\/www.sehlberg.net\/ulla-undrar\/?p=871"},"modified":"2020-09-29T13:05:49","modified_gmt":"2020-09-29T11:05:49","slug":"och-alven-flyter-sakta-forbi","status":"publish","type":"post","link":"https:\/\/www.sehlberg.net\/ulla-undrar\/och-alven-flyter-sakta-forbi\/","title":{"rendered":"Och \u00e4lven flyter sakta f\u00f6rbi"},"content":{"rendered":"\n<p>&#8221;Luckan st\u00e4ngdes med en sm\u00e4ll. Ljuset f\u00f6rsvann helt och kvar fanns bara ett kompakt m\u00f6rker och doften av jord.&nbsp;Sm\u00e4rtan kom i v\u00e5gor som br\u00e4nnande eldsl\u00e5gor som bl\u00e5ste \u00e5t olika h\u00e5ll och n\u00e5dde kroppens olika delar.&nbsp;Var detta mitt \u00f6de? F\u00f6r vem skulle r\u00e4dda mig?&nbsp;&#8221;<\/p>\n\n\n\n<p>Under tiden jag lagt undan mitt manus som jag skrev om i tidigare blogginl\u00e4gg, b\u00f6rjar jag om med ett gammalt manus som jag inte f\u00e5tt n\u00e5got f\u00f6rlag att nappa p\u00e5. Det som st\u00e5r l\u00e4ngst uppe \u00e4r b\u00f6rjan p\u00e5 det manuset. Mitt arbetsnamn p\u00e5 boken \u00e4r &#8221;och \u00e4lven flyter sakta f\u00f6rbi.&#8221;<\/p>\n\n\n\n<p>Jag g\u00e5r nu igenom hela manuset. \u00c4ndrar ordning, skriver om och \u00e4ndrar igen. Jag tror p\u00e5 manuset, s\u00e5 jag ger inte upp. Efter mina redigeringar beh\u00f6ver jag nya testl\u00e4sare. Har haft hj\u00e4lp av tv\u00e5 lekt\u00f6rer, men trots mina \u00e4ndringar d\u00e5, s\u00e5 lyckades jag inte. Men vem har sagt att jag ger upp. Inte jag.<\/p>\n\n\n\n<p>T\u00e4nk vilken f\u00f6rm\u00e5n att faktiskt ha tid att g\u00f6ra detta. Samtidigt har jag gjort en surdeg. Eller gjort en deg av en f\u00e4rdig surdeg. Jag gillar surdegarna som finns i p\u00e5sar p\u00e5 aff\u00e4rerna, som sparar in massor av tid och riktigt gott blir det. F\u00f6rst en deg, sen j\u00e4sa i 60 minuter, sen v\u00e4nda p\u00e5 degen, j\u00e4sa igen, baka ut och j\u00e4sa igen innan gr\u00e4ddning. Tar lite tid, men jag har ju det nu. Vilken f\u00f6rm\u00e5n.<\/p>\n\n\n\n<p>Men tillbaka till skrivandet. Jag beh\u00f6ver alltid folk som kan l\u00e4sa mina texter. Vill du vara testl\u00e4sare? T\u00f6rs du vara kritisk och samtidigt pedagogisk? Kritiken m\u00e5ste ju ge influenser att f\u00f6r\u00e4ndra. Har du tid? Jag skickar alltid med n\u00e5gra fr\u00e5gor till testl\u00e4sare att utg\u00e5 ifr\u00e5n. Men jag ger aldrig s\u00e5 mycket tid f\u00f6r testl\u00e4saren, d\u00e5 jag vill snabbt kunna jobba vidare. <\/p>\n\n\n\n<p>Vad upptar din tid? Vilka intressen har du?<\/p>\n\n\n\n<p><em>Kommentera g\u00e4rna. Tyv\u00e4rr f\u00e5r du inget mail n\u00e4r n\u00e5gon skriver svar p\u00e5 din kommentar, utan du m\u00e5ste komma tillbaka sj\u00e4lv till bloggen och kolla.<\/em> <em>Men jag f\u00f6rs\u00f6ker alltid skriva svar p\u00e5 kommentarerna. <\/em><\/p>\n\n\n\n<p><br><strong>V<em>ill du veta n\u00e4r n\u00e4sta blogginl\u00e4gg kommer<\/em><\/strong><em>.<\/em> <a href=\"https:\/\/www.sehlberg.net\/ulla-undrar\/prenumerera\/\">Anm\u00e4l dig h\u00e4r!<\/a><\/p>\n","protected":false},"excerpt":{"rendered":"<p>&#8221;Luckan st\u00e4ngdes med en sm\u00e4ll. Ljuset f\u00f6rsvann helt och kvar fanns bara ett kompakt m\u00f6rker och doften av jord.&nbsp;Sm\u00e4rtan kom i v\u00e5gor som br\u00e4nnande eldsl\u00e5gor som bl\u00e5ste \u00e5t olika h\u00e5ll och n\u00e5dde kroppens olika delar.&nbsp;Var detta mitt \u00f6de? F\u00f6r vem skulle r\u00e4dda mig?&nbsp;&#8221; Under tiden jag lagt undan mitt manus som jag skrev om i [&hellip;]<\/p>\n","protected":false},"author":2,"featured_media":873,"comment_status":"open","ping_status":"open","sticky":false,"template":"","format":"standard","meta":{"footnotes":""},"categories":[16],"tags":[],"class_list":["post-871","post","type-post","status-publish","format-standard","has-post-thumbnail","hentry","category-forfattande"],"_links":{"self":[{"href":"https:\/\/www.sehlberg.net\/ulla-undrar\/wp-json\/wp\/v2\/posts\/871","targetHints":{"allow":["GET"]}}],"collection":[{"href":"https:\/\/www.sehlberg.net\/ulla-undrar\/wp-json\/wp\/v2\/posts"}],"about":[{"href":"https:\/\/www.sehlberg.net\/ulla-undrar\/wp-json\/wp\/v2\/types\/post"}],"author":[{"embeddable":true,"href":"https:\/\/www.sehlberg.net\/ulla-undrar\/wp-json\/wp\/v2\/users\/2"}],"replies":[{"embeddable":true,"href":"https:\/\/www.sehlberg.net\/ulla-undrar\/wp-json\/wp\/v2\/comments?post=871"}],"version-history":[{"count":6,"href":"https:\/\/www.sehlberg.net\/ulla-undrar\/wp-json\/wp\/v2\/posts\/871\/revisions"}],"predecessor-version":[{"id":889,"href":"https:\/\/www.sehlberg.net\/ulla-undrar\/wp-json\/wp\/v2\/posts\/871\/revisions\/889"}],"wp:featuredmedia":[{"embeddable":true,"href":"https:\/\/www.sehlberg.net\/ulla-undrar\/wp-json\/wp\/v2\/media\/873"}],"wp:attachment":[{"href":"https:\/\/www.sehlberg.net\/ulla-undrar\/wp-json\/wp\/v2\/media?parent=871"}],"wp:term":[{"taxonomy":"category","embeddable":true,"href":"https:\/\/www.sehlberg.net\/ulla-undrar\/wp-json\/wp\/v2\/categories?post=871"},{"taxonomy":"post_tag","embeddable":true,"href":"https:\/\/www.sehlberg.net\/ulla-undrar\/wp-json\/wp\/v2\/tags?post=871"}],"curies":[{"name":"wp","href":"https:\/\/api.w.org\/{rel}","templated":true}]}}