{"id":863,"date":"2020-09-26T13:20:51","date_gmt":"2020-09-26T11:20:51","guid":{"rendered":"https:\/\/www.sehlberg.net\/ulla-undrar\/?p=863"},"modified":"2020-09-26T13:20:51","modified_gmt":"2020-09-26T11:20:51","slug":"denna-gang-hoppas-jag-det-blir-gront-ljus","status":"publish","type":"post","link":"https:\/\/www.sehlberg.net\/ulla-undrar\/denna-gang-hoppas-jag-det-blir-gront-ljus\/","title":{"rendered":"Denna g\u00e5ng hoppas jag det blir gr\u00f6nt ljus"},"content":{"rendered":"\n<p>&#8221;Det ringde p\u00e5 d\u00f6rren. Amanda stannade upp mitt i en r\u00f6relse. Vem kunde det vara. Hon tvekade att \u00f6ppna. Det puttrade p\u00e5 spisen, i ugnen hade hon just stoppat in en pl\u00e5t och hon vispade majonn\u00e4s f\u00f6r fullt.&#8221;<\/p>\n\n\n\n<p>S\u00e5 b\u00f6rjar det nya manuskriptet jag skrivit f\u00e4rdigt. Jag har anlitat tv\u00e5 testl\u00e4sare i detta inledande skede bara f\u00f6r att f\u00e5 se att den \u00e4r l\u00e4sv\u00e4rd och att jag inte missat n\u00e5got viktigt. Den f\u00f6rsta testl\u00e4saren har l\u00e4mnat sina kommentarer. (Mycket positiva :-))Men jag g\u00f6r inget mer just nu. F\u00f6rst ska den andra testl\u00e4saren f\u00e5 l\u00e4mna sina kommentarer. <\/p>\n\n\n\n<p>Vad h\u00e4nder sedan. Jag kommer att r\u00e4tta till felaktigheter och s\u00e5dant de p\u00e5pekat. Sedan l\u00e4sa igenom texten igen. Sedan kan det bli fler testl\u00e4sare eller annan hj\u00e4lp innan det \u00e4r dags att skicka till f\u00f6rlag.<\/p>\n\n\n\n<p>Sedan f\u00e5r man v\u00e4nta p\u00e5 mailet. S\u00e5 h\u00e4r har mailet sett ut f\u00f6r tidigare manus.<\/p>\n\n\n\n<p><em>Tack f\u00f6r att vi fick l\u00e4sa ditt manus. Tyv\u00e4rr har vi nu beslutat att tacka nej till erbjudandet om utgivning. Varje \u00e5r f\u00e5r vi in cirka&nbsp;1 000 svenska manus och utgivningsf\u00f6rslag till f\u00f6rlaget och av dem ger vi endast ut ett f\u00e5tal.<\/em><\/p>\n\n\n\n<p>Men jag hoppas p\u00e5 att jag lyckas denna g\u00e5ng. Jag hoppas p\u00e5 gr\u00f6nt ljus!<\/p>\n\n\n\n<p><em>Kommentera g\u00e4rna. Tyv\u00e4rr f\u00e5r du inget mail n\u00e4r n\u00e5gon skriver svar p\u00e5 din kommentar, utan du m\u00e5ste komma tillbaka sj\u00e4lv till bloggen och kolla.<\/em><br><strong>V<em>ill du veta n\u00e4r n\u00e4sta blogginl\u00e4gg kommer<\/em><\/strong><em>.<\/em> <a href=\"https:\/\/www.sehlberg.net\/ulla-undrar\/prenumerera\/\">Anm\u00e4l dig h\u00e4r!<\/a><\/p>\n","protected":false},"excerpt":{"rendered":"<p>&#8221;Det ringde p\u00e5 d\u00f6rren. Amanda stannade upp mitt i en r\u00f6relse. Vem kunde det vara. Hon tvekade att \u00f6ppna. Det puttrade p\u00e5 spisen, i ugnen hade hon just stoppat in en pl\u00e5t och hon vispade majonn\u00e4s f\u00f6r fullt.&#8221; S\u00e5 b\u00f6rjar det nya manuskriptet jag skrivit f\u00e4rdigt. Jag har anlitat tv\u00e5 testl\u00e4sare i detta inledande skede [&hellip;]<\/p>\n","protected":false},"author":2,"featured_media":864,"comment_status":"open","ping_status":"open","sticky":false,"template":"","format":"standard","meta":{"footnotes":""},"categories":[16],"tags":[],"class_list":["post-863","post","type-post","status-publish","format-standard","has-post-thumbnail","hentry","category-forfattande"],"_links":{"self":[{"href":"https:\/\/www.sehlberg.net\/ulla-undrar\/wp-json\/wp\/v2\/posts\/863","targetHints":{"allow":["GET"]}}],"collection":[{"href":"https:\/\/www.sehlberg.net\/ulla-undrar\/wp-json\/wp\/v2\/posts"}],"about":[{"href":"https:\/\/www.sehlberg.net\/ulla-undrar\/wp-json\/wp\/v2\/types\/post"}],"author":[{"embeddable":true,"href":"https:\/\/www.sehlberg.net\/ulla-undrar\/wp-json\/wp\/v2\/users\/2"}],"replies":[{"embeddable":true,"href":"https:\/\/www.sehlberg.net\/ulla-undrar\/wp-json\/wp\/v2\/comments?post=863"}],"version-history":[{"count":4,"href":"https:\/\/www.sehlberg.net\/ulla-undrar\/wp-json\/wp\/v2\/posts\/863\/revisions"}],"predecessor-version":[{"id":870,"href":"https:\/\/www.sehlberg.net\/ulla-undrar\/wp-json\/wp\/v2\/posts\/863\/revisions\/870"}],"wp:featuredmedia":[{"embeddable":true,"href":"https:\/\/www.sehlberg.net\/ulla-undrar\/wp-json\/wp\/v2\/media\/864"}],"wp:attachment":[{"href":"https:\/\/www.sehlberg.net\/ulla-undrar\/wp-json\/wp\/v2\/media?parent=863"}],"wp:term":[{"taxonomy":"category","embeddable":true,"href":"https:\/\/www.sehlberg.net\/ulla-undrar\/wp-json\/wp\/v2\/categories?post=863"},{"taxonomy":"post_tag","embeddable":true,"href":"https:\/\/www.sehlberg.net\/ulla-undrar\/wp-json\/wp\/v2\/tags?post=863"}],"curies":[{"name":"wp","href":"https:\/\/api.w.org\/{rel}","templated":true}]}}