{"id":853,"date":"2020-09-24T17:42:10","date_gmt":"2020-09-24T15:42:10","guid":{"rendered":"https:\/\/www.sehlberg.net\/ulla-undrar\/?p=853"},"modified":"2020-09-24T17:42:10","modified_gmt":"2020-09-24T15:42:10","slug":"baka-kakor","status":"publish","type":"post","link":"https:\/\/www.sehlberg.net\/ulla-undrar\/baka-kakor\/","title":{"rendered":"Baka kakor"},"content":{"rendered":"\n<p>Jag gjorde glass en dag och anv\u00e4nde en halv burk med kondenserad mj\u00f6l. Vad g\u00f6r man med resterna i en \u00f6ppnad burk? Jag hittade ett recept p\u00e5 kakor med choklad och kondenserad mj\u00f6lk i. Fick tummen upp av barnbarnen Tuva och Thilda. S\u00e5 h\u00e4r f\u00e5r ni ett recept. Bilden \u00e4r fr\u00e5n marias mat.nu.<\/p>\n\n\n\n<p><a href=\"https:\/\/www.mariasmat.nu\/2018\/09\/24\/kaka-med-kondenserad-mjolk\/\">https:\/\/www.mariasmat.nu\/2018\/09\/24\/kaka-med-kondenserad-mjolk\/<\/a><\/p>\n\n\n\n<p>Det \u00e4r sp\u00e4nnande att f\u00f6rs\u00f6ka anv\u00e4nda upp alla sina rester. Det blir m\u00e5nga sp\u00e4nnande matr\u00e4tter eller kakor. <\/p>\n\n\n\n<p>Idag blir det gnocchi med svamp och fetaost till middag. Det \u00e4r ocks\u00e5 ett recept jag hittade p\u00e5 n\u00e4tet, men tyv\u00e4rr hittar jag inte igen det l\u00e4ngre, s\u00e5 det f\u00e5r bli improvisation som vanligt. Jag s\u00f6kte p\u00e5 gnocchi och hittade receptet d\u00e4r jag faktiskt hade alla ingredienser hemma.<\/p>\n\n\n\n<p>N\u00e4sta g\u00e5ng blir det att s\u00f6ka p\u00e5 s\u00f6tpotatis. K\u00f6pte hem det i f\u00f6rrg\u00e5r, men har ingen aning vad jag ska anv\u00e4nda det till. Har gjort ugnsrostad s\u00f6tpotatis och s\u00f6tpotatispure. Allts\u00e5 mer tillbeh\u00f6r till annan mat. Men t\u00e4nkte denna g\u00e5ng att s\u00f6tpotatisen skulle vara huvudnumret. F\u00e5r s\u00f6ka vidare. Det blir nog mat p\u00e5 l\u00f6rdag eller s\u00f6ndag. N\u00e5gra tips?<\/p>\n\n\n\n<p><em>Skicka g\u00e4rna en kommentar i kommentarsf\u00e4ltet. Tyv\u00e4rr f\u00e5r du inget mail om jag svarar p\u00e5 din kommentar, utan du f\u00e5r komma tillbaka till bloggen f\u00f6r att se vilka fler kommentarer som kommit in. F\u00f6r min blogg fungerar ju inte som Facebook.<\/em><\/p>\n\n\n\n<p><em>Vill du veta n\u00e4r n\u00e4sta blogginl\u00e4gg kommer.<\/em> <a href=\"https:\/\/www.sehlberg.net\/ulla-undrar\/prenumerera\/\">Anm\u00e4l dig h\u00e4r!<\/a><\/p>\n","protected":false},"excerpt":{"rendered":"<p>Jag gjorde glass en dag och anv\u00e4nde en halv burk med kondenserad mj\u00f6l. Vad g\u00f6r man med resterna i en \u00f6ppnad burk? Jag hittade ett recept p\u00e5 kakor med choklad och kondenserad mj\u00f6lk i. Fick tummen upp av barnbarnen Tuva och Thilda. S\u00e5 h\u00e4r f\u00e5r ni ett recept. Bilden \u00e4r fr\u00e5n marias mat.nu. https:\/\/www.mariasmat.nu\/2018\/09\/24\/kaka-med-kondenserad-mjolk\/ Det [&hellip;]<\/p>\n","protected":false},"author":2,"featured_media":854,"comment_status":"open","ping_status":"open","sticky":false,"template":"","format":"standard","meta":{"footnotes":""},"categories":[6],"tags":[],"class_list":["post-853","post","type-post","status-publish","format-standard","has-post-thumbnail","hentry","category-fikabrod"],"_links":{"self":[{"href":"https:\/\/www.sehlberg.net\/ulla-undrar\/wp-json\/wp\/v2\/posts\/853","targetHints":{"allow":["GET"]}}],"collection":[{"href":"https:\/\/www.sehlberg.net\/ulla-undrar\/wp-json\/wp\/v2\/posts"}],"about":[{"href":"https:\/\/www.sehlberg.net\/ulla-undrar\/wp-json\/wp\/v2\/types\/post"}],"author":[{"embeddable":true,"href":"https:\/\/www.sehlberg.net\/ulla-undrar\/wp-json\/wp\/v2\/users\/2"}],"replies":[{"embeddable":true,"href":"https:\/\/www.sehlberg.net\/ulla-undrar\/wp-json\/wp\/v2\/comments?post=853"}],"version-history":[{"count":3,"href":"https:\/\/www.sehlberg.net\/ulla-undrar\/wp-json\/wp\/v2\/posts\/853\/revisions"}],"predecessor-version":[{"id":857,"href":"https:\/\/www.sehlberg.net\/ulla-undrar\/wp-json\/wp\/v2\/posts\/853\/revisions\/857"}],"wp:featuredmedia":[{"embeddable":true,"href":"https:\/\/www.sehlberg.net\/ulla-undrar\/wp-json\/wp\/v2\/media\/854"}],"wp:attachment":[{"href":"https:\/\/www.sehlberg.net\/ulla-undrar\/wp-json\/wp\/v2\/media?parent=853"}],"wp:term":[{"taxonomy":"category","embeddable":true,"href":"https:\/\/www.sehlberg.net\/ulla-undrar\/wp-json\/wp\/v2\/categories?post=853"},{"taxonomy":"post_tag","embeddable":true,"href":"https:\/\/www.sehlberg.net\/ulla-undrar\/wp-json\/wp\/v2\/tags?post=853"}],"curies":[{"name":"wp","href":"https:\/\/api.w.org\/{rel}","templated":true}]}}