{"id":811,"date":"2020-08-05T09:59:37","date_gmt":"2020-08-05T07:59:37","guid":{"rendered":"https:\/\/www.sehlberg.net\/ulla-undrar\/?p=811"},"modified":"2020-08-05T09:59:37","modified_gmt":"2020-08-05T07:59:37","slug":"historielektion","status":"publish","type":"post","link":"https:\/\/www.sehlberg.net\/ulla-undrar\/historielektion\/","title":{"rendered":"Historielektion"},"content":{"rendered":"\n<p>Jag tycker om att l\u00e4sa bakgrunden eller historien kring olika byggnader eller orter. D\u00e4rf\u00f6r gillar jag att bes\u00f6ka \u00e4ldre st\u00e4der. I sommar bes\u00f6kte vi Varnhem. Orsaken var f\u00f6r att min morfarsfarfar var f\u00f6dd d\u00e4r, byggde ett torp och dog d\u00e4r. <\/p>\n\n\n\n<p>Vi bes\u00f6kte f\u00f6rst Varnhemsklosterkyrka. H\u00e4r k\u00e4nde man verkligen historiens vingslag. S\u00e5g ett \u00e5rtal p\u00e5 en grav &#8211; anno 1571. Det \u00e4r verkligen l\u00e4nge sedan. Min morfarfarfar \u00e4r begravd d\u00e4r, men hans gravsten finns inte kvar. Han var ju inte den person som hade en stor sten. Han var soldat och inte en &#8221;viktig&#8221; person, men hans soldattorp fanns d\u00e4remot kvar. Det torp han byggde 1848.<\/p>\n\n\n\n<figure class=\"wp-block-image size-large\"><img loading=\"lazy\" decoding=\"async\" width=\"695\" height=\"449\" src=\"https:\/\/www.sehlberg.net\/ulla-undrar\/wp-content\/uploads\/2020\/08\/soldattorp.jpg\" alt=\"\" class=\"wp-image-812\" srcset=\"https:\/\/www.sehlberg.net\/ulla-undrar\/wp-content\/uploads\/2020\/08\/soldattorp.jpg 695w, https:\/\/www.sehlberg.net\/ulla-undrar\/wp-content\/uploads\/2020\/08\/soldattorp-300x194.jpg 300w\" sizes=\"auto, (max-width: 695px) 100vw, 695px\" \/><\/figure>\n\n\n\n<p>Men Varnhem \u00e4r gammalt. Den f\u00f6rsta kyrkan byggdes h\u00e4r redan \u00e5r 1040. Dessutom har man h\u00e4r funnit de \u00e4ldsta sp\u00e5ren av kristendom i Sverige. De \u00e4r dessutom s\u00e5 tidiga att det gett bevis p\u00e5 att kristnandet skett 100 \u00e5r tidigare \u00e4n man tidigare trott. S\u00e5 Varnhem har mycket sp\u00e4nnande historier i sin jord. <\/p>\n\n\n\n<p>Men att se soldattorpet som Lars Svensson Larm byggde 1848 var \u00e4nd\u00e5 f\u00f6r mig v\u00e4ldigt speciellt. Det \u00e4r en konkret historia om en man som \u00e4r min anfader. Vad jag minns av historien, s\u00e5 f\u00f6ddes han p\u00e5 fattighuset i Varnhem och dog i sitt eget torp 1848.<\/p>\n\n\n\n<p>F\u00f6rresten s\u00e5 f\u00e5r bara \u00e4ldste sonen \u00e4rva soldatnamnet. S\u00e5 min morfarsfar tar sig ist\u00e4llet namnet Ljungl\u00f6f, troligen fr\u00e5n byn d\u00e4r soldattorpet stod. Ljungstorp. Han \u00e5ker till Lappland som mission\u00e4r. Det passar v\u00e4l bra n\u00e4r han f\u00f6ddes i orten d\u00e4r Sveriges kristendomshistoria troligen b\u00f6rjade.<\/p>\n\n\n\n<p><em>Vill du veta n\u00e4r n\u00e4sta blogginl\u00e4gg kommer.<\/em> <a href=\"https:\/\/www.sehlberg.net\/ulla-undrar\/prenumerera\/\">Anm\u00e4l dig h\u00e4r!<\/a><\/p>\n","protected":false},"excerpt":{"rendered":"<p>Jag tycker om att l\u00e4sa bakgrunden eller historien kring olika byggnader eller orter. D\u00e4rf\u00f6r gillar jag att bes\u00f6ka \u00e4ldre st\u00e4der. I sommar bes\u00f6kte vi Varnhem. Orsaken var f\u00f6r att min morfarsfarfar var f\u00f6dd d\u00e4r, byggde ett torp och dog d\u00e4r. Vi bes\u00f6kte f\u00f6rst Varnhemsklosterkyrka. H\u00e4r k\u00e4nde man verkligen historiens vingslag. S\u00e5g ett \u00e5rtal p\u00e5 en [&hellip;]<\/p>\n","protected":false},"author":2,"featured_media":813,"comment_status":"open","ping_status":"open","sticky":false,"template":"","format":"standard","meta":{"footnotes":""},"categories":[17],"tags":[],"class_list":["post-811","post","type-post","status-publish","format-standard","has-post-thumbnail","hentry","category-resor"],"_links":{"self":[{"href":"https:\/\/www.sehlberg.net\/ulla-undrar\/wp-json\/wp\/v2\/posts\/811","targetHints":{"allow":["GET"]}}],"collection":[{"href":"https:\/\/www.sehlberg.net\/ulla-undrar\/wp-json\/wp\/v2\/posts"}],"about":[{"href":"https:\/\/www.sehlberg.net\/ulla-undrar\/wp-json\/wp\/v2\/types\/post"}],"author":[{"embeddable":true,"href":"https:\/\/www.sehlberg.net\/ulla-undrar\/wp-json\/wp\/v2\/users\/2"}],"replies":[{"embeddable":true,"href":"https:\/\/www.sehlberg.net\/ulla-undrar\/wp-json\/wp\/v2\/comments?post=811"}],"version-history":[{"count":1,"href":"https:\/\/www.sehlberg.net\/ulla-undrar\/wp-json\/wp\/v2\/posts\/811\/revisions"}],"predecessor-version":[{"id":814,"href":"https:\/\/www.sehlberg.net\/ulla-undrar\/wp-json\/wp\/v2\/posts\/811\/revisions\/814"}],"wp:featuredmedia":[{"embeddable":true,"href":"https:\/\/www.sehlberg.net\/ulla-undrar\/wp-json\/wp\/v2\/media\/813"}],"wp:attachment":[{"href":"https:\/\/www.sehlberg.net\/ulla-undrar\/wp-json\/wp\/v2\/media?parent=811"}],"wp:term":[{"taxonomy":"category","embeddable":true,"href":"https:\/\/www.sehlberg.net\/ulla-undrar\/wp-json\/wp\/v2\/categories?post=811"},{"taxonomy":"post_tag","embeddable":true,"href":"https:\/\/www.sehlberg.net\/ulla-undrar\/wp-json\/wp\/v2\/tags?post=811"}],"curies":[{"name":"wp","href":"https:\/\/api.w.org\/{rel}","templated":true}]}}