{"id":699,"date":"2020-06-07T16:56:23","date_gmt":"2020-06-07T14:56:23","guid":{"rendered":"https:\/\/www.sehlberg.net\/ulla-undrar\/?p=699"},"modified":"2020-06-07T16:56:23","modified_gmt":"2020-06-07T14:56:23","slug":"semester-i-sverige","status":"publish","type":"post","link":"https:\/\/www.sehlberg.net\/ulla-undrar\/semester-i-sverige\/","title":{"rendered":"Semester i Sverige"},"content":{"rendered":"\n<p>Att ha sin semester i Sverige \u00e4r ju inte s\u00e5 dumt. Jag blev inbjuden till en facebookgrupp som heter <strong><a href=\"https:\/\/www.facebook.com\/groups\/svemestra\/\">Svemestra &#8211; alla Sveriges smultronst\u00e4llen<\/a><\/strong>, d\u00e4r dyker det verkligen upp sp\u00e4nnande och fina st\u00e4llen. <\/p>\n\n\n\n<p>Jag b\u00f6rjade d\u00e5 t\u00e4nka vilket smultronst\u00e4lle jag har. Det ov\u00e4ntade svaret i mitt huvud var: <strong>Viktoriakyrkan<\/strong>. En plats jag bara varit tv\u00e5 g\u00e5nger p\u00e5, men det gav en mersmak. Viktoriakyrkan finns i Sorsele kommun. Byggdes p\u00e5 30-talet utan att det ens fanns en v\u00e4g dit. 1973 byggdes en v\u00e4g n\u00e4ra Viktoriakyrkan, s\u00e5 nu \u00e4r det bara att g\u00e5 p\u00e5 en stig och \u00f6ver en sp\u00e5ng p\u00e5 cirka 500 meter f\u00f6r att f\u00e5 komma dit.<\/p>\n\n\n\n<p>Kyrkan ligger h\u00f6gt p\u00e5 en kulle och man tittar ner \u00f6ver Jukt\u00e5n. Inget st\u00e4lle man bara r\u00e5kar fara f\u00f6rbi om man inte \u00e4r fiskare vill s\u00e4ga. N\u00e4r jag var d\u00e4r f\u00f6rsta g\u00e5ngen, strax efter v\u00e4gen byggts f\u00f6ljde jag med n\u00e5gra fr\u00e5n Svenska kyrkan. Det var en Gudstj\u00e4nst inne i kyrkan och sedan gick alla ut i det vackra v\u00e4dret. Solen sken, det var gr\u00f6nt p\u00e5 \u00e4ngen och den var fylld av f\u00e4rggranna blommor. Nedanf\u00f6r kunde man se Jukt\u00e5n. <\/p>\n\n\n\n<p>Alla st\u00e4mde i med psalmen <em>H\u00e4rlig \u00e4r jorden<\/em> och aldrig har den k\u00e4nns s\u00e5 riktig. Det blev magiskt.<\/p>\n\n\n\n<p>N\u00e5gra bilder har jag inte fr\u00e5n Viktoriakyrkan, s\u00e5 jag har hittat ett gammalt vykort. Googla g\u00e4rna f\u00f6r att se fler bilder av kyrkan.<\/p>\n\n\n\n<p>Vilket \u00e4r ditt smultronst\u00e4lle?<\/p>\n\n\n\n<p>Jag kommer med flera svenska smultronst\u00e4llen snart.<\/p>\n\n\n\n<p><em>Vill du veta n\u00e4r n\u00e4sta blogginl\u00e4gg kommer.<\/em> <a href=\"https:\/\/www.sehlberg.net\/ulla-undrar\/prenumerera\/\">Anm\u00e4l dig h\u00e4r!<\/a><\/p>\n","protected":false},"excerpt":{"rendered":"<p>Att ha sin semester i Sverige \u00e4r ju inte s\u00e5 dumt. Jag blev inbjuden till en facebookgrupp som heter Svemestra &#8211; alla Sveriges smultronst\u00e4llen, d\u00e4r dyker det verkligen upp sp\u00e4nnande och fina st\u00e4llen. Jag b\u00f6rjade d\u00e5 t\u00e4nka vilket smultronst\u00e4lle jag har. Det ov\u00e4ntade svaret i mitt huvud var: Viktoriakyrkan. En plats jag bara varit tv\u00e5 [&hellip;]<\/p>\n","protected":false},"author":2,"featured_media":705,"comment_status":"open","ping_status":"open","sticky":false,"template":"","format":"standard","meta":{"footnotes":""},"categories":[17],"tags":[],"class_list":["post-699","post","type-post","status-publish","format-standard","has-post-thumbnail","hentry","category-resor"],"_links":{"self":[{"href":"https:\/\/www.sehlberg.net\/ulla-undrar\/wp-json\/wp\/v2\/posts\/699","targetHints":{"allow":["GET"]}}],"collection":[{"href":"https:\/\/www.sehlberg.net\/ulla-undrar\/wp-json\/wp\/v2\/posts"}],"about":[{"href":"https:\/\/www.sehlberg.net\/ulla-undrar\/wp-json\/wp\/v2\/types\/post"}],"author":[{"embeddable":true,"href":"https:\/\/www.sehlberg.net\/ulla-undrar\/wp-json\/wp\/v2\/users\/2"}],"replies":[{"embeddable":true,"href":"https:\/\/www.sehlberg.net\/ulla-undrar\/wp-json\/wp\/v2\/comments?post=699"}],"version-history":[{"count":6,"href":"https:\/\/www.sehlberg.net\/ulla-undrar\/wp-json\/wp\/v2\/posts\/699\/revisions"}],"predecessor-version":[{"id":707,"href":"https:\/\/www.sehlberg.net\/ulla-undrar\/wp-json\/wp\/v2\/posts\/699\/revisions\/707"}],"wp:featuredmedia":[{"embeddable":true,"href":"https:\/\/www.sehlberg.net\/ulla-undrar\/wp-json\/wp\/v2\/media\/705"}],"wp:attachment":[{"href":"https:\/\/www.sehlberg.net\/ulla-undrar\/wp-json\/wp\/v2\/media?parent=699"}],"wp:term":[{"taxonomy":"category","embeddable":true,"href":"https:\/\/www.sehlberg.net\/ulla-undrar\/wp-json\/wp\/v2\/categories?post=699"},{"taxonomy":"post_tag","embeddable":true,"href":"https:\/\/www.sehlberg.net\/ulla-undrar\/wp-json\/wp\/v2\/tags?post=699"}],"curies":[{"name":"wp","href":"https:\/\/api.w.org\/{rel}","templated":true}]}}