{"id":681,"date":"2020-05-31T17:16:15","date_gmt":"2020-05-31T15:16:15","guid":{"rendered":"https:\/\/www.sehlberg.net\/ulla-undrar\/?p=681"},"modified":"2020-05-31T17:16:15","modified_gmt":"2020-05-31T15:16:15","slug":"mors-dag","status":"publish","type":"post","link":"https:\/\/www.sehlberg.net\/ulla-undrar\/mors-dag\/","title":{"rendered":"Mors dag!"},"content":{"rendered":"\n<p>Idag \u00e4r det morsdag och jag t\u00e4nker d\u00e4rf\u00f6r ber\u00e4tta om min mor. Min mamma dog f\u00f6r 8 \u00e5r sedan, men jag tror att ni som k\u00e4nt henne inte gl\u00f6mmer bort henne i f\u00f6rsta taget. <br>Mamma var ganska intensiv. Lite f\u00f6r mycket kunde vi syskon tycka ibland. Men samtidigt n\u00e5got alldeles speciell. Hon \u00e4lskade att bli uppvaktad. Vi firade hennes sista f\u00f6delsedag hemma i hennes l\u00e4genhet n\u00e4r hon fyllde 84 \u00e5r. Hon hade f\u00e5tt permission fr\u00e5n lasarettet, men var s\u00e5 lycklig \u00f6ver firandet. <\/p>\n\n\n\n<p>N\u00e4r hon fyllde 80 \u00e5r hade vi ett \u00f6ppet hus i kyrkan. Till detta tillf\u00e4lle skrev jag en ber\u00e4ttelse om Ylva Yrv\u00e4der.  S\u00e5 h\u00e4r b\u00f6rjar den:<\/p>\n\n\n\n<p><em>Yrv\u00e4dret Ylva kom in till kaffesamlingen efter b\u00f6nen. Ylva var fyllda 75 \u00e5r, men hade en outsinlig energi och hade alltid nya id\u00e9er om vad de skulle g\u00f6ra.<br>&#8221;Jag har en id\u00e9&#8221;, sa hon.<br>Pension\u00e4rsgruppen hukade sig. Det var inte f\u00f6rsta g\u00e5ngen och man visste aldrig vad som kunde komma.<br>&#8221;Jag tycker att vi ska genomf\u00f6ra en julvandring f\u00f6r skolbarnen i \u00e5r&#8221;, fortsatte hon.<br>&#8221;L\u00e5ter trevligt&#8221;, sa Greta, som gillade drama och alltid var med n\u00e4r det var n\u00e5got s\u00e5nt. Greta var en av de yngre pension\u00e4rerna med sina 72 \u00e5r.<br>&#8221;Ja, fast jag t\u00e4nkte att vi inte skulle vara i kyrkan, utan i stadsparken&#8221;, fortsatte Ylva.<br>&#8221;VA&#8221;, sa alla pension\u00e4rerna i en mun.<br>Hilma sa det f\u00f6r hon h\u00f6rde d\u00e5ligt, men alla andra f\u00f6r de t\u00e4nkte, vad har hon nu hittat p\u00e5.<\/em><\/p>\n\n\n\n<p>Ylva Yrv\u00e4der \u00e4r allts\u00e5 min mamma. Alla de andra \u00e4r personer i den f\u00f6rsamling hon var med i. Fast lite hopblandade karakt\u00e4rer. Historien \u00e4r faktiskt till 95% helt sann.  <\/p>\n\n\n\n<p>L\u00e4s hela ber\u00e4ttelsen h\u00e4r: <a href=\"https:\/\/www.sehlberg.net\/ulla-undrar\/julvandringen\/\">Julvandringen<\/a><\/p>\n\n\n\n<p>Ni tycker kanske att det var en konstig bild av min mamma som jag la in till detta inl\u00e4gg. Men jag tycker det st\u00e4mmer ganska bra med hur hon var. Full av bus och uppt\u00e5g. R\u00f6rlig som f\u00e5. Att hitta henne under ett bord var inte konstigt. Inte heller uppe p\u00e5 en hatthylla n\u00e4r hon g\u00f6mde sig f\u00f6r barnen n\u00e4r de lekte kurrag\u00f6mma. (Hon var ju bara strax under 80 \u00e5r d\u00e5).<\/p>\n\n\n\n<p>Mamma var inte bara busig och full av uppt\u00e5g, hon var aldrig r\u00e4dd att dra ig\u00e5ng n\u00e5gonting och var v\u00e4ldigt duktig att slita och jobba. Hon hj\u00e4lpte till som extral\u00e4rare n\u00e4r hon g\u00e5tt i pension fr\u00e5n l\u00e4rartj\u00e4nsten. Hon skrev draman och turnerade med dem. Sen \u00e4lskade hon att spela br\u00e4nnbolll med oss.<\/p>\n\n\n\n<p>S\u00e5 grattis p\u00e5 namnsdagen Mamma. Vi gl\u00f6mmer dig aldrig.<\/p>\n\n\n\n<p><em>Vill du veta n\u00e4r n\u00e4sta blogginl\u00e4gg kommer.<\/em> <a href=\"https:\/\/www.sehlberg.net\/ulla-undrar\/prenumerera\/\">Anm\u00e4l dig h\u00e4r!<\/a><\/p>\n","protected":false},"excerpt":{"rendered":"<p>Idag \u00e4r det morsdag och jag t\u00e4nker d\u00e4rf\u00f6r ber\u00e4tta om min mor. Min mamma dog f\u00f6r 8 \u00e5r sedan, men jag tror att ni som k\u00e4nt henne inte gl\u00f6mmer bort henne i f\u00f6rsta taget. Mamma var ganska intensiv. Lite f\u00f6r mycket kunde vi syskon tycka ibland. Men samtidigt n\u00e5got alldeles speciell. Hon \u00e4lskade att bli [&hellip;]<\/p>\n","protected":false},"author":2,"featured_media":687,"comment_status":"open","ping_status":"open","sticky":false,"template":"","format":"standard","meta":{"footnotes":""},"categories":[7,1],"tags":[],"class_list":["post-681","post","type-post","status-publish","format-standard","has-post-thumbnail","hentry","category-livet","category-okategoriserade"],"_links":{"self":[{"href":"https:\/\/www.sehlberg.net\/ulla-undrar\/wp-json\/wp\/v2\/posts\/681","targetHints":{"allow":["GET"]}}],"collection":[{"href":"https:\/\/www.sehlberg.net\/ulla-undrar\/wp-json\/wp\/v2\/posts"}],"about":[{"href":"https:\/\/www.sehlberg.net\/ulla-undrar\/wp-json\/wp\/v2\/types\/post"}],"author":[{"embeddable":true,"href":"https:\/\/www.sehlberg.net\/ulla-undrar\/wp-json\/wp\/v2\/users\/2"}],"replies":[{"embeddable":true,"href":"https:\/\/www.sehlberg.net\/ulla-undrar\/wp-json\/wp\/v2\/comments?post=681"}],"version-history":[{"count":3,"href":"https:\/\/www.sehlberg.net\/ulla-undrar\/wp-json\/wp\/v2\/posts\/681\/revisions"}],"predecessor-version":[{"id":689,"href":"https:\/\/www.sehlberg.net\/ulla-undrar\/wp-json\/wp\/v2\/posts\/681\/revisions\/689"}],"wp:featuredmedia":[{"embeddable":true,"href":"https:\/\/www.sehlberg.net\/ulla-undrar\/wp-json\/wp\/v2\/media\/687"}],"wp:attachment":[{"href":"https:\/\/www.sehlberg.net\/ulla-undrar\/wp-json\/wp\/v2\/media?parent=681"}],"wp:term":[{"taxonomy":"category","embeddable":true,"href":"https:\/\/www.sehlberg.net\/ulla-undrar\/wp-json\/wp\/v2\/categories?post=681"},{"taxonomy":"post_tag","embeddable":true,"href":"https:\/\/www.sehlberg.net\/ulla-undrar\/wp-json\/wp\/v2\/tags?post=681"}],"curies":[{"name":"wp","href":"https:\/\/api.w.org\/{rel}","templated":true}]}}