{"id":669,"date":"2020-05-30T10:22:42","date_gmt":"2020-05-30T08:22:42","guid":{"rendered":"https:\/\/www.sehlberg.net\/ulla-undrar\/?p=669"},"modified":"2020-05-30T10:22:42","modified_gmt":"2020-05-30T08:22:42","slug":"pensionarsliv","status":"publish","type":"post","link":"https:\/\/www.sehlberg.net\/ulla-undrar\/pensionarsliv\/","title":{"rendered":"Pension\u00e4rsliv"},"content":{"rendered":"\n<p>Vad g\u00f6r vi som pension\u00e4rer jag och Bosse. T\u00e4nkte ber\u00e4tta lite mer om v\u00e5ra dagar. Bosse \u00e4r ju en handlingens man. Han vill jobba med h\u00e4nderna. Just nu \u00e4r vi i stugan och han spikar, s\u00e5gar och skruvar. Det \u00e4r en d\u00f6rr som ska flyttas. Det \u00e4r staket som ska g\u00f6ras. Det \u00e4r vatten som ska fixas. Sitter jag bara bredvid och tittar p\u00e5?  Jag har s\u00e5gar lite, skruvat fast n\u00e5gra br\u00e4der, men inte s\u00e5 mycket. Vi hj\u00e4lps \u00e5t n\u00e4r vi beh\u00f6ver vara tv\u00e5, eller om jag uppt\u00e4cker n\u00e5t jobb som passar bra till mig. Men jag har sj\u00e4lv valt att satsa p\u00e5 skrivandet i f\u00f6rsta hand. F\u00f6r just nu g\u00e5r det s\u00e5 bra att skriva och d\u00e5 m\u00e5ste man passa p\u00e5.<\/p>\n\n\n\n<p>Jag skriver p\u00e5 min roman, jag skriver p\u00e5 min blogg och fr\u00e5n f\u00f6rra veckan jobbar jag ju dessutom en del p\u00e5 universitetet och hj\u00e4lper till med en del ekonomiska problem.<\/p>\n\n\n\n<p>Ig\u00e5r tog jag en fotoskogspromenad. Jag f\u00f6rs\u00f6ker fota fina bilder fr\u00e5n skogen. Jag har bara min mobilkamera, s\u00e5 det \u00e4r en utmaning, men man kan fota mer \u00e4n vad man tror med den. Det \u00e4r roligt att f\u00f6rs\u00f6ka f\u00e5 fina bilder. <\/p>\n\n\n\n<p>Ig\u00e5r kv\u00e4ll lagade jag en trer\u00e4tters middag \u00e5t oss. Jag gillar att laga mat och speciellt n\u00e4r man har tid att g\u00f6ra det. S\u00e5 synd bara att det \u00e4r Coronatider annars hade jag velat bjuda hem folk p\u00e5 middag. Men bara det blir utev\u00e4der s\u00e5. <br>Kanske n\u00e5gon av er vill komma och \u00e4ta. Lite farligt \u00e4r det d\u00e5 jag ofta testar nya saker. Ibland blir det gott, ibland inte lika gott.<\/p>\n\n\n\n<p>Jag tror att mitt pension\u00e4rsliv kommer att bli olika under olika perioder. Just nu \u00e4r det skrivande fr\u00e4mst som \u00e4r mitt projekt. Men en annan tid kanske jag b\u00f6rjar med andra projekt. Att ha skrivande som projekt passar ju dessutom ypperligt n\u00e4r man ska h\u00e5lla sig f\u00f6r sig sj\u00e4lv.<\/p>\n\n\n\n<p><em>Vill du veta n\u00e4r n\u00e4sta blogginl\u00e4gg kommer.<\/em> <a href=\"https:\/\/www.sehlberg.net\/ulla-undrar\/prenumerera\/\">Anm\u00e4l dig h\u00e4r!<\/a><\/p>\n","protected":false},"excerpt":{"rendered":"<p>Vad g\u00f6r vi som pension\u00e4rer jag och Bosse. T\u00e4nkte ber\u00e4tta lite mer om v\u00e5ra dagar. Bosse \u00e4r ju en handlingens man. Han vill jobba med h\u00e4nderna. Just nu \u00e4r vi i stugan och han spikar, s\u00e5gar och skruvar. Det \u00e4r en d\u00f6rr som ska flyttas. Det \u00e4r staket som ska g\u00f6ras. Det \u00e4r vatten som [&hellip;]<\/p>\n","protected":false},"author":2,"featured_media":670,"comment_status":"open","ping_status":"open","sticky":false,"template":"","format":"standard","meta":{"footnotes":""},"categories":[7],"tags":[],"class_list":["post-669","post","type-post","status-publish","format-standard","has-post-thumbnail","hentry","category-livet"],"_links":{"self":[{"href":"https:\/\/www.sehlberg.net\/ulla-undrar\/wp-json\/wp\/v2\/posts\/669","targetHints":{"allow":["GET"]}}],"collection":[{"href":"https:\/\/www.sehlberg.net\/ulla-undrar\/wp-json\/wp\/v2\/posts"}],"about":[{"href":"https:\/\/www.sehlberg.net\/ulla-undrar\/wp-json\/wp\/v2\/types\/post"}],"author":[{"embeddable":true,"href":"https:\/\/www.sehlberg.net\/ulla-undrar\/wp-json\/wp\/v2\/users\/2"}],"replies":[{"embeddable":true,"href":"https:\/\/www.sehlberg.net\/ulla-undrar\/wp-json\/wp\/v2\/comments?post=669"}],"version-history":[{"count":4,"href":"https:\/\/www.sehlberg.net\/ulla-undrar\/wp-json\/wp\/v2\/posts\/669\/revisions"}],"predecessor-version":[{"id":677,"href":"https:\/\/www.sehlberg.net\/ulla-undrar\/wp-json\/wp\/v2\/posts\/669\/revisions\/677"}],"wp:featuredmedia":[{"embeddable":true,"href":"https:\/\/www.sehlberg.net\/ulla-undrar\/wp-json\/wp\/v2\/media\/670"}],"wp:attachment":[{"href":"https:\/\/www.sehlberg.net\/ulla-undrar\/wp-json\/wp\/v2\/media?parent=669"}],"wp:term":[{"taxonomy":"category","embeddable":true,"href":"https:\/\/www.sehlberg.net\/ulla-undrar\/wp-json\/wp\/v2\/categories?post=669"},{"taxonomy":"post_tag","embeddable":true,"href":"https:\/\/www.sehlberg.net\/ulla-undrar\/wp-json\/wp\/v2\/tags?post=669"}],"curies":[{"name":"wp","href":"https:\/\/api.w.org\/{rel}","templated":true}]}}