{"id":637,"date":"2020-05-20T18:44:52","date_gmt":"2020-05-20T16:44:52","guid":{"rendered":"https:\/\/www.sehlberg.net\/ulla-undrar\/?p=637"},"modified":"2020-05-20T18:44:52","modified_gmt":"2020-05-20T16:44:52","slug":"inget-blir-som-man-har-tankt","status":"publish","type":"post","link":"https:\/\/www.sehlberg.net\/ulla-undrar\/inget-blir-som-man-har-tankt\/","title":{"rendered":"Inget blir som man har t\u00e4nkt"},"content":{"rendered":"\n<p>Ibland t\u00e4nker jag att inget blev som man t\u00e4nkt sig. Coronapandemin f\u00f6r\u00e4ndrade allt. Men s\u00e5 t\u00e4nker jag igen. Det \u00e4r inte sant. Visst kan vi inte tr\u00e4ffa s\u00e5 m\u00e5nga, vi kan inte resa som vi vill, vi kan inte hj\u00e4lpa till med barnbarnen, men det mesta kan fortfarande bli som vi har t\u00e4nkt.<\/p>\n\n\n\n<p>Jag kan skriva, b\u00e5de blogg och roman. Vi kan fortfarande \u00e5ka till stugan och p\u00e5b\u00f6rja renoveringsarbetet. D\u00e4r handlar det mer om v\u00e4dret som har st\u00e4llt till det. Vi kan fortfarande ligga och dra oss p\u00e5 morgonen och vakna utan v\u00e4ckarklocka. Vi kan ta promenader, vistas i naturen och g\u00e5 ut och fika eller \u00e4ta (om vi h\u00e5ller avst\u00e5nd).<\/p>\n\n\n\n<p>Men \u00e4nd\u00e5 livet g\u00e5r inte riktigt att planera. Det h\u00e4nder alltid ov\u00e4ntade saker. Det kan vara j\u00e4ttejobbigt eller otroligt roligt beroende p\u00e5 vad som h\u00e4nder.&nbsp;<\/p>\n\n\n\n<p>Jag hade ett jobb som jag inte trivdes med. T\u00e4nkte hur ska jag orka. D\u00e5 ringer en v\u00e4n och s\u00e4ger: Vi har ett jobb ledigt. Kan du inte s\u00f6ka det. Det var verkligen ov\u00e4ntat, men roligt. Eller n\u00e4r v\u00e5ra grannar fr\u00e5n Boden ringde och sa att de var i Ume\u00e5 och ville tr\u00e4ffa oss. Sen var det inte lika roligt n\u00e4r jag b\u00f6rjat p\u00e5 en redovisningsbyr\u00e5 och p\u00e5 min f\u00f6rsta dag s\u00e4ger deras st\u00f6rsta kund upp avtalet och sist in \u2013 f\u00f6rst ut. Min st\u00f6rsta \u00f6verraskningspresent var n\u00e4r Bosse (min man) gav mig en resa till Rom. Det var h\u00e4ftigt.<\/p>\n\n\n\n<p>T\u00e4nk om allt skulle g\u00e5 som planeringen ser ut. Det skulle nog inte heller vara bra. Vi beh\u00f6ver sm\u00e5 \u00f6verraskningar i livet.&nbsp;<\/p>\n\n\n\n<p><em>Vill du veta n\u00e4r n\u00e4sta blogginl\u00e4gg kommer.<\/em> <a href=\"https:\/\/www.sehlberg.net\/ulla-undrar\/prenumerera\/\">Anm\u00e4l dig h\u00e4r!<\/a><\/p>\n","protected":false},"excerpt":{"rendered":"<p>Ibland t\u00e4nker jag att inget blev som man t\u00e4nkt sig. Coronapandemin f\u00f6r\u00e4ndrade allt. Men s\u00e5 t\u00e4nker jag igen. Det \u00e4r inte sant. Visst kan vi inte tr\u00e4ffa s\u00e5 m\u00e5nga, vi kan inte resa som vi vill, vi kan inte hj\u00e4lpa till med barnbarnen, men det mesta kan fortfarande bli som vi har t\u00e4nkt. Jag kan [&hellip;]<\/p>\n","protected":false},"author":2,"featured_media":638,"comment_status":"open","ping_status":"open","sticky":false,"template":"","format":"standard","meta":{"footnotes":""},"categories":[7],"tags":[],"class_list":["post-637","post","type-post","status-publish","format-standard","has-post-thumbnail","hentry","category-livet"],"_links":{"self":[{"href":"https:\/\/www.sehlberg.net\/ulla-undrar\/wp-json\/wp\/v2\/posts\/637","targetHints":{"allow":["GET"]}}],"collection":[{"href":"https:\/\/www.sehlberg.net\/ulla-undrar\/wp-json\/wp\/v2\/posts"}],"about":[{"href":"https:\/\/www.sehlberg.net\/ulla-undrar\/wp-json\/wp\/v2\/types\/post"}],"author":[{"embeddable":true,"href":"https:\/\/www.sehlberg.net\/ulla-undrar\/wp-json\/wp\/v2\/users\/2"}],"replies":[{"embeddable":true,"href":"https:\/\/www.sehlberg.net\/ulla-undrar\/wp-json\/wp\/v2\/comments?post=637"}],"version-history":[{"count":3,"href":"https:\/\/www.sehlberg.net\/ulla-undrar\/wp-json\/wp\/v2\/posts\/637\/revisions"}],"predecessor-version":[{"id":646,"href":"https:\/\/www.sehlberg.net\/ulla-undrar\/wp-json\/wp\/v2\/posts\/637\/revisions\/646"}],"wp:featuredmedia":[{"embeddable":true,"href":"https:\/\/www.sehlberg.net\/ulla-undrar\/wp-json\/wp\/v2\/media\/638"}],"wp:attachment":[{"href":"https:\/\/www.sehlberg.net\/ulla-undrar\/wp-json\/wp\/v2\/media?parent=637"}],"wp:term":[{"taxonomy":"category","embeddable":true,"href":"https:\/\/www.sehlberg.net\/ulla-undrar\/wp-json\/wp\/v2\/categories?post=637"},{"taxonomy":"post_tag","embeddable":true,"href":"https:\/\/www.sehlberg.net\/ulla-undrar\/wp-json\/wp\/v2\/tags?post=637"}],"curies":[{"name":"wp","href":"https:\/\/api.w.org\/{rel}","templated":true}]}}