{"id":599,"date":"2020-05-06T15:39:29","date_gmt":"2020-05-06T13:39:29","guid":{"rendered":"https:\/\/www.sehlberg.net\/ulla-undrar\/?p=599"},"modified":"2020-05-06T15:39:29","modified_gmt":"2020-05-06T13:39:29","slug":"att-lamna-jobbet","status":"publish","type":"post","link":"https:\/\/www.sehlberg.net\/ulla-undrar\/att-lamna-jobbet\/","title":{"rendered":"Att l\u00e4mna jobbet"},"content":{"rendered":"\n<p>Det var mer \u00e4n tv\u00e5 m\u00e5nader sen jag l\u00e4mnade jobbet. Men idag st\u00e4ngdes den sista l\u00e4nken. Mitt mailkonto st\u00e4ngdes. Jag har visserligen inte f\u00e5tt n\u00e5gra nya mail p\u00e5 l\u00e4nge, men det var en s\u00e5 tydlig p\u00e5minnelse om att det var slut. Jag har funderat hur jag k\u00e4nner inf\u00f6r detta. Nej, jag saknar inte jobbet. Saknar inte att m\u00e5sta st\u00e4lla v\u00e4ckarklockan och stiga upp i ottan. Jag saknar inte stressen inf\u00f6r stopptider eller konflikter.<\/p>\n\n\n\n<p>Vad saknar jag d\u00e5? Ja, naturligtvis det sociala livet. Samtalen, sn\u00e4lla ord, kramar och probleml\u00f6sande. Jag och Bosse satt och pratade om vad vi f\u00e5tt med oss fr\u00e5n yrkeslivet. Vissa delar hade varit mycket kr\u00e4vande, som n\u00e4r det var en p\u00e5g\u00e5ende konflikt under ett helt \u00e5r. Eller n\u00e4r jobbet k\u00e4ndes s\u00e5 enahanda att jag bara r\u00e4knade minuterna varje dag. Men vi minns ocks\u00e5 utmaningar som vi lyckades med.&nbsp;<\/p>\n\n\n\n<p>N\u00e4r jag fick fr\u00e5gan vilka jobb som varit mina b\u00e4sta, s\u00e5 blev det \u00e4nd\u00e5 det sista som varit b\u00e4st. Utmanande, men med st\u00e4ndigt st\u00f6d och positiva v\u00e4nner runt omkring. N\u00e4r man till\u00e5ts testa och n\u00e4r man k\u00e4nner att man v\u00e4xer, d\u00e5 \u00e4r ett jobb bra.<\/p>\n\n\n\n<p>Numera f\u00e5r jag hitta egna utmaningar och det \u00e4r ocks\u00e5 sp\u00e4nnande.<\/p>\n\n\n\n<p>Vill du veta n\u00e4r nya blogginl\u00e4gg kommer? <a href=\"https:\/\/www.sehlberg.net\/ulla-undrar\/prenumerera\/\">Anm\u00e4l dig h\u00e4r!<\/a><\/p>\n\n\n\n\n\n\n\n<p><\/p>\n","protected":false},"excerpt":{"rendered":"<p>Det var mer \u00e4n tv\u00e5 m\u00e5nader sen jag l\u00e4mnade jobbet. Men idag st\u00e4ngdes den sista l\u00e4nken. Mitt mailkonto st\u00e4ngdes. Jag har visserligen inte f\u00e5tt n\u00e5gra nya mail p\u00e5 l\u00e4nge, men det var en s\u00e5 tydlig p\u00e5minnelse om att det var slut. Jag har funderat hur jag k\u00e4nner inf\u00f6r detta. Nej, jag saknar inte jobbet. Saknar [&hellip;]<\/p>\n","protected":false},"author":2,"featured_media":606,"comment_status":"open","ping_status":"open","sticky":false,"template":"","format":"standard","meta":{"footnotes":""},"categories":[15],"tags":[],"class_list":["post-599","post","type-post","status-publish","format-standard","has-post-thumbnail","hentry","category-jobbet"],"_links":{"self":[{"href":"https:\/\/www.sehlberg.net\/ulla-undrar\/wp-json\/wp\/v2\/posts\/599","targetHints":{"allow":["GET"]}}],"collection":[{"href":"https:\/\/www.sehlberg.net\/ulla-undrar\/wp-json\/wp\/v2\/posts"}],"about":[{"href":"https:\/\/www.sehlberg.net\/ulla-undrar\/wp-json\/wp\/v2\/types\/post"}],"author":[{"embeddable":true,"href":"https:\/\/www.sehlberg.net\/ulla-undrar\/wp-json\/wp\/v2\/users\/2"}],"replies":[{"embeddable":true,"href":"https:\/\/www.sehlberg.net\/ulla-undrar\/wp-json\/wp\/v2\/comments?post=599"}],"version-history":[{"count":3,"href":"https:\/\/www.sehlberg.net\/ulla-undrar\/wp-json\/wp\/v2\/posts\/599\/revisions"}],"predecessor-version":[{"id":602,"href":"https:\/\/www.sehlberg.net\/ulla-undrar\/wp-json\/wp\/v2\/posts\/599\/revisions\/602"}],"wp:featuredmedia":[{"embeddable":true,"href":"https:\/\/www.sehlberg.net\/ulla-undrar\/wp-json\/wp\/v2\/media\/606"}],"wp:attachment":[{"href":"https:\/\/www.sehlberg.net\/ulla-undrar\/wp-json\/wp\/v2\/media?parent=599"}],"wp:term":[{"taxonomy":"category","embeddable":true,"href":"https:\/\/www.sehlberg.net\/ulla-undrar\/wp-json\/wp\/v2\/categories?post=599"},{"taxonomy":"post_tag","embeddable":true,"href":"https:\/\/www.sehlberg.net\/ulla-undrar\/wp-json\/wp\/v2\/tags?post=599"}],"curies":[{"name":"wp","href":"https:\/\/api.w.org\/{rel}","templated":true}]}}