{"id":540,"date":"2020-04-17T11:27:23","date_gmt":"2020-04-17T09:27:23","guid":{"rendered":"https:\/\/www.sehlberg.net\/ulla-undrar\/?p=540"},"modified":"2020-04-17T11:27:23","modified_gmt":"2020-04-17T09:27:23","slug":"gor-nagot-gott-varje-dag","status":"publish","type":"post","link":"https:\/\/www.sehlberg.net\/ulla-undrar\/gor-nagot-gott-varje-dag\/","title":{"rendered":"G\u00f6r n\u00e5got gott varje dag"},"content":{"rendered":"\n<p>Jag l\u00e4ste en text av Tomas Sj\u00f6din. Han ber\u00e4ttade om en \u00e4ldre dam som varje kv\u00e4ll funderade om hon gjort n\u00e5got gott denna dag. N\u00e4r hon k\u00e4nde att hon gjort det var hon tillfreds med dagen. Jag funderade p\u00e5 detta. Det l\u00e5ter ju bra att g\u00f6ra gott mot andra varenda dag.&nbsp;<\/p>\n\n\n\n<p>Vad har jag gjort? Vad kan jag g\u00f6ra nu n\u00e4r jag har en lite avskalad vardag. Jag tr\u00e4ffar ju inte s\u00e5 m\u00e5nga varje dag och det \u00e4r ju faktiskt det b\u00e4sta f\u00f6r andra. Men r\u00e4cker det f\u00f6r att k\u00e4nna att man gjort bra f\u00f6r andra. Det jag gjort bra idag \u00e4r att jag inte tr\u00e4ffat andra. Visst l\u00e5ter det konstigt. Men det \u00e4r ju faktiskt sant.<\/p>\n\n\n\n<p>Men vad mer kan man g\u00f6ra? Man kan ju faktiskt h\u00e5lla kontakt med andra \u00e4nd\u00e5. H\u00e5lla kontakt med de som m\u00e5ste vara isolerade eller de som bara f\u00e5r ha begr\u00e4nsat fysisk kontakt. F\u00f6r social kontakt kan vi ha.<\/p>\n\n\n\n<p>Idag skickade jag ett mail till en gammal v\u00e4n jag inte haft kontakt med p\u00e5 l\u00e4nge. Det k\u00e4ndes bra, i alla fall f\u00f6r mig. Det kanske var gott f\u00f6r mig. Jag \u00e4r v\u00e4ldigt d\u00e5lig p\u00e5 att ringa till m\u00e4nniskor jag inte s\u00e5 ofta har kontakt med. Men skriva g\u00f6r jag g\u00e4rna. Jag har inget emot att prata i telefon med dem, men att ta initiativet att ringa, det finns en sp\u00e4rr i min kropp.&nbsp;<\/p>\n\n\n\n<p>Har du ringt till n\u00e5gon idag? Eller skrivit ett mail eller ett brev? Eller bara ett kort meddelande att du t\u00e4nker p\u00e5 henne\/honom. Ge den personen en extra solstr\u00e5le genom att du tar kontakt.<\/p>\n\n\n\n<p>S\u00e5 min uppmaning \u00e4r: H\u00e5ll extra mycket social kontakt och mycket lite fysisk kontakt. Vem tror du skulle bli glad av att du tog kontakt idag?<\/p>\n\n\n\n<p>Intresserad att f\u00f6lja min blogg? Du kan f\u00e5 meddelande varje g\u00e5ng det kommer ett nytt inl\u00e4gg.<\/p>\n\n\n\n<div class=\"wp-block-buttons is-layout-flex wp-block-buttons-is-layout-flex\">\n<div class=\"wp-block-button\"><a class=\"wp-block-button__link has-background has-vivid-purple-background-color\" href=\"https:\/\/www.sehlberg.net\/ulla-undrar\/prenumerera\/\">Jag vill f\u00e5 uppdateringar<\/a><\/div>\n<\/div>\n\n\n\n<p><\/p>\n","protected":false},"excerpt":{"rendered":"<p>Jag l\u00e4ste en text av Tomas Sj\u00f6din. Han ber\u00e4ttade om en \u00e4ldre dam som varje kv\u00e4ll funderade om hon gjort n\u00e5got gott denna dag. N\u00e4r hon k\u00e4nde att hon gjort det var hon tillfreds med dagen. Jag funderade p\u00e5 detta. Det l\u00e5ter ju bra att g\u00f6ra gott mot andra varenda dag.&nbsp; Vad har jag gjort? [&hellip;]<\/p>\n","protected":false},"author":2,"featured_media":541,"comment_status":"open","ping_status":"open","sticky":false,"template":"","format":"standard","meta":{"footnotes":""},"categories":[7],"tags":[],"class_list":["post-540","post","type-post","status-publish","format-standard","has-post-thumbnail","hentry","category-livet"],"_links":{"self":[{"href":"https:\/\/www.sehlberg.net\/ulla-undrar\/wp-json\/wp\/v2\/posts\/540","targetHints":{"allow":["GET"]}}],"collection":[{"href":"https:\/\/www.sehlberg.net\/ulla-undrar\/wp-json\/wp\/v2\/posts"}],"about":[{"href":"https:\/\/www.sehlberg.net\/ulla-undrar\/wp-json\/wp\/v2\/types\/post"}],"author":[{"embeddable":true,"href":"https:\/\/www.sehlberg.net\/ulla-undrar\/wp-json\/wp\/v2\/users\/2"}],"replies":[{"embeddable":true,"href":"https:\/\/www.sehlberg.net\/ulla-undrar\/wp-json\/wp\/v2\/comments?post=540"}],"version-history":[{"count":3,"href":"https:\/\/www.sehlberg.net\/ulla-undrar\/wp-json\/wp\/v2\/posts\/540\/revisions"}],"predecessor-version":[{"id":544,"href":"https:\/\/www.sehlberg.net\/ulla-undrar\/wp-json\/wp\/v2\/posts\/540\/revisions\/544"}],"wp:featuredmedia":[{"embeddable":true,"href":"https:\/\/www.sehlberg.net\/ulla-undrar\/wp-json\/wp\/v2\/media\/541"}],"wp:attachment":[{"href":"https:\/\/www.sehlberg.net\/ulla-undrar\/wp-json\/wp\/v2\/media?parent=540"}],"wp:term":[{"taxonomy":"category","embeddable":true,"href":"https:\/\/www.sehlberg.net\/ulla-undrar\/wp-json\/wp\/v2\/categories?post=540"},{"taxonomy":"post_tag","embeddable":true,"href":"https:\/\/www.sehlberg.net\/ulla-undrar\/wp-json\/wp\/v2\/tags?post=540"}],"curies":[{"name":"wp","href":"https:\/\/api.w.org\/{rel}","templated":true}]}}