{"id":455,"date":"2020-04-02T14:01:49","date_gmt":"2020-04-02T12:01:49","guid":{"rendered":"https:\/\/www.sehlberg.net\/ulla-undrar\/?p=455"},"modified":"2020-04-02T14:01:49","modified_gmt":"2020-04-02T12:01:49","slug":"kramas-mera-vi-lever-pa-hoppet","status":"publish","type":"post","link":"https:\/\/www.sehlberg.net\/ulla-undrar\/kramas-mera-vi-lever-pa-hoppet\/","title":{"rendered":"Kramas mera &#8211; vi lever p\u00e5 hoppet"},"content":{"rendered":"\n<p>Vad saknar ni n\u00e4r man blir mer isolerade? Det som \u00e4r intressant \u00e4r hur vissa behov utkristalliserar sig, blir mer viktiga \u00e4n man visste.<\/p>\n\n\n\n<p>Jag saknar naturligtvis m\u00e4nniskor. Framf\u00f6rallt de som \u00e4r mina n\u00e4rmaste. Men idag k\u00e4nde jag ocks\u00e5 att jag saknar kramar. F\u00f6rut kramades man till h\u00f6ger och v\u00e4nster. Barnbarn, barn, v\u00e4nner men ocks\u00e5 kollegor och bekanta. Idag st\u00e4ller vi oss en bit ifr\u00e5n varann n\u00e4r vi pratar och helst utomhus. Vi r\u00f6r inte vid varandra och vi pratar mest om den f\u00f6r\u00e4ndrade v\u00e4rld vi lever i.<\/p>\n\n\n\n<p>Jag saknar andra samtals\u00e4mnen. Resor p\u00e5 g\u00e5ng, trevliga kulturella upplevelser och barnens eller barnbarnens utveckling.<\/p>\n\n\n\n<p>Men mest saknar jag kramar.<\/p>\n\n\n\n<p>Jag skickar en digital kram till er alla och hoppas p\u00e5 en fysisk kram fram\u00f6ver. Jag lever p\u00e5 hoppet.<\/p>\n","protected":false},"excerpt":{"rendered":"<p>Vad saknar ni n\u00e4r man blir mer isolerade? Det som \u00e4r intressant \u00e4r hur vissa behov utkristalliserar sig, blir mer viktiga \u00e4n man visste. Jag saknar naturligtvis m\u00e4nniskor. Framf\u00f6rallt de som \u00e4r mina n\u00e4rmaste. Men idag k\u00e4nde jag ocks\u00e5 att jag saknar kramar. F\u00f6rut kramades man till h\u00f6ger och v\u00e4nster. Barnbarn, barn, v\u00e4nner men ocks\u00e5 [&hellip;]<\/p>\n","protected":false},"author":2,"featured_media":457,"comment_status":"open","ping_status":"open","sticky":false,"template":"","format":"standard","meta":{"footnotes":""},"categories":[7,1],"tags":[],"class_list":["post-455","post","type-post","status-publish","format-standard","has-post-thumbnail","hentry","category-livet","category-okategoriserade"],"_links":{"self":[{"href":"https:\/\/www.sehlberg.net\/ulla-undrar\/wp-json\/wp\/v2\/posts\/455","targetHints":{"allow":["GET"]}}],"collection":[{"href":"https:\/\/www.sehlberg.net\/ulla-undrar\/wp-json\/wp\/v2\/posts"}],"about":[{"href":"https:\/\/www.sehlberg.net\/ulla-undrar\/wp-json\/wp\/v2\/types\/post"}],"author":[{"embeddable":true,"href":"https:\/\/www.sehlberg.net\/ulla-undrar\/wp-json\/wp\/v2\/users\/2"}],"replies":[{"embeddable":true,"href":"https:\/\/www.sehlberg.net\/ulla-undrar\/wp-json\/wp\/v2\/comments?post=455"}],"version-history":[{"count":2,"href":"https:\/\/www.sehlberg.net\/ulla-undrar\/wp-json\/wp\/v2\/posts\/455\/revisions"}],"predecessor-version":[{"id":458,"href":"https:\/\/www.sehlberg.net\/ulla-undrar\/wp-json\/wp\/v2\/posts\/455\/revisions\/458"}],"wp:featuredmedia":[{"embeddable":true,"href":"https:\/\/www.sehlberg.net\/ulla-undrar\/wp-json\/wp\/v2\/media\/457"}],"wp:attachment":[{"href":"https:\/\/www.sehlberg.net\/ulla-undrar\/wp-json\/wp\/v2\/media?parent=455"}],"wp:term":[{"taxonomy":"category","embeddable":true,"href":"https:\/\/www.sehlberg.net\/ulla-undrar\/wp-json\/wp\/v2\/categories?post=455"},{"taxonomy":"post_tag","embeddable":true,"href":"https:\/\/www.sehlberg.net\/ulla-undrar\/wp-json\/wp\/v2\/tags?post=455"}],"curies":[{"name":"wp","href":"https:\/\/api.w.org\/{rel}","templated":true}]}}