{"id":450,"date":"2020-04-04T10:38:14","date_gmt":"2020-04-04T08:38:14","guid":{"rendered":"https:\/\/www.sehlberg.net\/ulla-undrar\/?p=450"},"modified":"2020-04-06T16:44:30","modified_gmt":"2020-04-06T14:44:30","slug":"reseminnen","status":"publish","type":"post","link":"https:\/\/www.sehlberg.net\/ulla-undrar\/reseminnen\/","title":{"rendered":"Reseminnen"},"content":{"rendered":"\n<p>N\u00e4r man inte har m\u00f6jlighet att resa kan man titta p\u00e5 gamla bilder och minnas. N\u00e4r man g\u00f6r det kan gl\u00e4djen med resan leva l\u00e4ngre.<\/p>\n\n\n\n<p>Jag minns en resa vi gjorde till Italien. Det var nog f\u00f6rsta g\u00e5ngen vi hyrde ett hus av en person vi inte k\u00e4nde. Vi var tre par som \u00e5kte tillsammans. Vi reste till en by utanf\u00f6r Pisa i Italien. En vecka f\u00f6re resan ringde hon som hyrde ut huset och sa att hon skulle och m\u00f6ta oss p\u00e5 flygplatsen. Vilken service tyckte vi. Men sen f\u00f6rstod vi. Vi skulle aldrig ha hittat dit utan henne. Det var sm\u00e5 v\u00e4gar att f\u00f6lja. P\u00e5 ett st\u00e4lle k\u00e4ndes det som vi k\u00f6rde \u00f6ver n\u00e5gon annans g\u00e5rdsplan. Men fint var det. <\/p>\n\n\n\n<figure class=\"wp-block-image size-large is-resized\"><img loading=\"lazy\" decoding=\"async\" src=\"https:\/\/www.sehlberg.net\/ulla-undrar\/wp-content\/uploads\/2020\/04\/italienhus.jpg\" alt=\"\" class=\"wp-image-451\" width=\"512\" height=\"384\" srcset=\"https:\/\/www.sehlberg.net\/ulla-undrar\/wp-content\/uploads\/2020\/04\/italienhus.jpg 1024w, https:\/\/www.sehlberg.net\/ulla-undrar\/wp-content\/uploads\/2020\/04\/italienhus-300x225.jpg 300w, https:\/\/www.sehlberg.net\/ulla-undrar\/wp-content\/uploads\/2020\/04\/italienhus-768x576.jpg 768w\" sizes=\"auto, (max-width: 512px) 100vw, 512px\" \/><\/figure>\n\n\n\n<p>Vi kom sent p\u00e5 kv\u00e4llen, s\u00e5 vi kunde inte handla n\u00e5got. Vi fr\u00e5gade kvinnan om aff\u00e4rer. N\u00e4. Alla \u00e4r st\u00e4ngda. Det \u00e4r ju l\u00f6rdagkv\u00e4ll. Men i morgon bitti d\u00e5, undrade vi. N\u00e4, det \u00e4r ju s\u00f6ndag, svarade hon.&nbsp;&nbsp;S\u00e5 p\u00e5 s\u00f6ndag morgon samlade vi ihop vad vi hade som var \u00e4tbart till frukost. Tv\u00e5 bananer, delad p\u00e5 sex. Twix, kexchoklad och riesen. Sen hade som tur var vi med oss lite kaffe som vi drack till. Inte s\u00e5 n\u00e4ringsriktig frukost.<\/p>\n\n\n\n<p>Sedan k\u00f6rde vi runt i omgivningen ganska l\u00e4nge innan vi till sist hittade en livsmedelsaff\u00e4r som faktiskt var \u00f6ppen och d\u00e5 var vi alla rej\u00e4lt hungriga. (Vi hittade inte heller en \u00f6ppen restaurang. Detta var verkligen p\u00e5 landsbygden.) Men veckan i Italien blev sedan en fantastisk reseupplevelse.  Jag kanske \u00e5terkommer med mer om denna resa. Men det jag minns mest \u00e4r nog \u00e4nd\u00e5 gemenskapen vi hade. Den \u00e4r s\u00e5 viktig och det m\u00e4rker vi i dessa tider.<\/p>\n\n\n\n<p>Nu kan du bli p\u00e5mind n\u00e4r det kommer nya inl\u00e4gg, klicka p\u00e5 knappen h\u00e4r under och fyll i namn och e-postadress.<\/p>\n\n\n\n<div class=\"wp-block-button aligncenter\"><a class=\"wp-block-button__link has-text-color has-background has-black-background-color\" href=\"https:\/\/www.sehlberg.net\/ulla-undrar\/prenumerera\" style=\"color:#ffffff;border-radius:5px\">Ja, jag vill bli p\u00e5mind<\/a><\/div>\n","protected":false},"excerpt":{"rendered":"<p>N\u00e4r man inte har m\u00f6jlighet att resa kan man titta p\u00e5 gamla bilder och minnas. N\u00e4r man g\u00f6r det kan gl\u00e4djen med resan leva l\u00e4ngre. Jag minns en resa vi gjorde till Italien. Det var nog f\u00f6rsta g\u00e5ngen vi hyrde ett hus av en person vi inte k\u00e4nde. Vi var tre par som \u00e5kte tillsammans. [&hellip;]<\/p>\n","protected":false},"author":2,"featured_media":452,"comment_status":"open","ping_status":"open","sticky":false,"template":"","format":"standard","meta":{"footnotes":""},"categories":[7],"tags":[],"class_list":["post-450","post","type-post","status-publish","format-standard","has-post-thumbnail","hentry","category-livet"],"_links":{"self":[{"href":"https:\/\/www.sehlberg.net\/ulla-undrar\/wp-json\/wp\/v2\/posts\/450","targetHints":{"allow":["GET"]}}],"collection":[{"href":"https:\/\/www.sehlberg.net\/ulla-undrar\/wp-json\/wp\/v2\/posts"}],"about":[{"href":"https:\/\/www.sehlberg.net\/ulla-undrar\/wp-json\/wp\/v2\/types\/post"}],"author":[{"embeddable":true,"href":"https:\/\/www.sehlberg.net\/ulla-undrar\/wp-json\/wp\/v2\/users\/2"}],"replies":[{"embeddable":true,"href":"https:\/\/www.sehlberg.net\/ulla-undrar\/wp-json\/wp\/v2\/comments?post=450"}],"version-history":[{"count":7,"href":"https:\/\/www.sehlberg.net\/ulla-undrar\/wp-json\/wp\/v2\/posts\/450\/revisions"}],"predecessor-version":[{"id":476,"href":"https:\/\/www.sehlberg.net\/ulla-undrar\/wp-json\/wp\/v2\/posts\/450\/revisions\/476"}],"wp:featuredmedia":[{"embeddable":true,"href":"https:\/\/www.sehlberg.net\/ulla-undrar\/wp-json\/wp\/v2\/media\/452"}],"wp:attachment":[{"href":"https:\/\/www.sehlberg.net\/ulla-undrar\/wp-json\/wp\/v2\/media?parent=450"}],"wp:term":[{"taxonomy":"category","embeddable":true,"href":"https:\/\/www.sehlberg.net\/ulla-undrar\/wp-json\/wp\/v2\/categories?post=450"},{"taxonomy":"post_tag","embeddable":true,"href":"https:\/\/www.sehlberg.net\/ulla-undrar\/wp-json\/wp\/v2\/tags?post=450"}],"curies":[{"name":"wp","href":"https:\/\/api.w.org\/{rel}","templated":true}]}}