{"id":394,"date":"2020-03-25T15:11:51","date_gmt":"2020-03-25T14:11:51","guid":{"rendered":"https:\/\/www.sehlberg.net\/ulla-undrar\/?p=394"},"modified":"2020-03-25T15:11:51","modified_gmt":"2020-03-25T14:11:51","slug":"att-skriva-en-roman-konflikter-och-drommar","status":"publish","type":"post","link":"https:\/\/www.sehlberg.net\/ulla-undrar\/att-skriva-en-roman-konflikter-och-drommar\/","title":{"rendered":"Att skriva en roman &#8211; konflikter och dr\u00f6mmar"},"content":{"rendered":"\n<p>Jag har nu skrivit mer \u00e4n 4500 ord och ska strax b\u00f6rja med kapitel fyra. Jag l\u00e4ser en <a href=\"https:\/\/asahellberg.blogspot.com\">virusskrivskola<\/a> med \u00c5sa Hellberg. Sista lektionen skrev hon om konflikter. Det \u00e4r en viktig del av en bok. Det finns s\u00e5 m\u00e5nga konflikter att v\u00e4lja. Konflikter med f\u00f6r\u00e4ldrar, syskon, make\/maka, grannar eller konflikter med invandrare, klasskamrater eller arbetsgivare.<\/p>\n\n\n\n<p>Idag m\u00e5r m\u00e5nga d\u00e5ligt. De k\u00e4nner sig inte sedda eller f\u00e5 inte m\u00f6jlighet att vara sig sj\u00e4lva. L\u00e4ste n\u00e5gonstans att var tionde kvinna blir misshandlad av sin man. Har du tio kvinnliga v\u00e4nner s\u00e5 borde allts\u00e5 en av dessa bli misshandlad. Men troligtvis ser du inte tecknen, f\u00f6r de \u00e4r s\u00e5 duktiga att d\u00f6lja detta. De k\u00e4nner sig ofta misslyckade och vem vill visa sig misslyckad f\u00f6r n\u00e5gon annan?<\/p>\n\n\n\n<p>Jag har en dr\u00f6m. Den dr\u00f6mmen har funnits med mig sedan min barndom. Det \u00e4r dr\u00f6mmen att skriva en bok. Men denna dr\u00f6m handlade ju inte bara om att skriva utan ocks\u00e5 att ge ut en bok. Men trots att jag skrivit tre, har inget f\u00f6rlag nappat. Men jag v\u00e4grar k\u00e4nna mig misslyckad. Jag forts\u00e4tter ist\u00e4llet att skriva p\u00e5 min fj\u00e4rde.<\/p>\n\n\n\n<p>Jag uppt\u00e4ckte att n\u00e4r jag skrev h\u00e4romdagen, s\u00e5 gick Amanda, som huvudpersonen heter, iv\u00e4g och tv\u00e4ttade h\u00e4nderna flera g\u00e5nger. Jag tror det \u00e4r en p\u00e5verkan fr\u00e5n Coronakrisen.&nbsp;<\/p>\n\n\n\n<p>Jag har ocks\u00e5 funderat hur denna kris ska p\u00e5verka inneh\u00e5llet. F\u00f6r jag tror att vardagen kommer att vara en del f\u00f6r\u00e4ndrad. Men jag vet inte riktigt hur.Hur tror du att Coronakrisen kommer att p\u00e5verka v\u00e5rt samh\u00e4lle? Kommer det att komma n\u00e5got positivt ur detta?<\/p>\n\n\n\n<p>Nu kan man bli p\u00e5mind n\u00e4r det kommer nya inl\u00e4gg.  S\u00e5 vill du f\u00f6lja mig, s\u00e5 <a href=\"https:\/\/www.sehlberg.net\/ulla-undrar\/prenumerera\/\">g\u00f6r det h\u00e4r.<\/a><\/p>\n","protected":false},"excerpt":{"rendered":"<p>Jag har nu skrivit mer \u00e4n 4500 ord och ska strax b\u00f6rja med kapitel fyra. Jag l\u00e4ser en virusskrivskola med \u00c5sa Hellberg. Sista lektionen skrev hon om konflikter. Det \u00e4r en viktig del av en bok. Det finns s\u00e5 m\u00e5nga konflikter att v\u00e4lja. Konflikter med f\u00f6r\u00e4ldrar, syskon, make\/maka, grannar eller konflikter med invandrare, klasskamrater eller [&hellip;]<\/p>\n","protected":false},"author":2,"featured_media":396,"comment_status":"open","ping_status":"open","sticky":false,"template":"","format":"standard","meta":{"footnotes":""},"categories":[16],"tags":[],"class_list":["post-394","post","type-post","status-publish","format-standard","has-post-thumbnail","hentry","category-forfattande"],"_links":{"self":[{"href":"https:\/\/www.sehlberg.net\/ulla-undrar\/wp-json\/wp\/v2\/posts\/394","targetHints":{"allow":["GET"]}}],"collection":[{"href":"https:\/\/www.sehlberg.net\/ulla-undrar\/wp-json\/wp\/v2\/posts"}],"about":[{"href":"https:\/\/www.sehlberg.net\/ulla-undrar\/wp-json\/wp\/v2\/types\/post"}],"author":[{"embeddable":true,"href":"https:\/\/www.sehlberg.net\/ulla-undrar\/wp-json\/wp\/v2\/users\/2"}],"replies":[{"embeddable":true,"href":"https:\/\/www.sehlberg.net\/ulla-undrar\/wp-json\/wp\/v2\/comments?post=394"}],"version-history":[{"count":4,"href":"https:\/\/www.sehlberg.net\/ulla-undrar\/wp-json\/wp\/v2\/posts\/394\/revisions"}],"predecessor-version":[{"id":412,"href":"https:\/\/www.sehlberg.net\/ulla-undrar\/wp-json\/wp\/v2\/posts\/394\/revisions\/412"}],"wp:featuredmedia":[{"embeddable":true,"href":"https:\/\/www.sehlberg.net\/ulla-undrar\/wp-json\/wp\/v2\/media\/396"}],"wp:attachment":[{"href":"https:\/\/www.sehlberg.net\/ulla-undrar\/wp-json\/wp\/v2\/media?parent=394"}],"wp:term":[{"taxonomy":"category","embeddable":true,"href":"https:\/\/www.sehlberg.net\/ulla-undrar\/wp-json\/wp\/v2\/categories?post=394"},{"taxonomy":"post_tag","embeddable":true,"href":"https:\/\/www.sehlberg.net\/ulla-undrar\/wp-json\/wp\/v2\/tags?post=394"}],"curies":[{"name":"wp","href":"https:\/\/api.w.org\/{rel}","templated":true}]}}