{"id":349,"date":"2020-03-18T09:26:30","date_gmt":"2020-03-18T08:26:30","guid":{"rendered":"https:\/\/www.sehlberg.net\/ulla-undrar\/?p=349"},"modified":"2020-03-18T09:51:03","modified_gmt":"2020-03-18T08:51:03","slug":"se-bortom-molnen","status":"publish","type":"post","link":"https:\/\/www.sehlberg.net\/ulla-undrar\/se-bortom-molnen\/","title":{"rendered":"Se bortom molnen"},"content":{"rendered":"\n<p>N\u00e4r jag jobbade talade jag ofta om att man m\u00e5ste se helheten. Lyfta blicken fr\u00e5n detaljerna och se vad det betydde f\u00f6r helheten. Det p\u00e5minner om historien om tv\u00e5 stenhuggare som h\u00f6gg stenar. Den ena sa att hans jobb var att hugga stenblock. Den andra sa att hans jobb var att bygga en katedral.<\/p>\n\n\n\n<p>Just nu m\u00e5ste vi lyfta blicken ovanf\u00f6r Coronamolnen, s\u00e5 vi inte drunknar i informationen och oron. Det finns en v\u00e4rld av m\u00e4nniskor, djur, v\u00e4nskap, k\u00e4rlek fortfarande.\u00a0<\/p>\n\n\n\n<figure class=\"wp-block-image size-large is-resized\"><img loading=\"lazy\" decoding=\"async\" src=\"https:\/\/www.sehlberg.net\/ulla-undrar\/wp-content\/uploads\/2020\/03\/svan.jpg\" alt=\"\" class=\"wp-image-359\" width=\"337\" height=\"253\" srcset=\"https:\/\/www.sehlberg.net\/ulla-undrar\/wp-content\/uploads\/2020\/03\/svan.jpg 1024w, https:\/\/www.sehlberg.net\/ulla-undrar\/wp-content\/uploads\/2020\/03\/svan-300x225.jpg 300w, https:\/\/www.sehlberg.net\/ulla-undrar\/wp-content\/uploads\/2020\/03\/svan-768x576.jpg 768w\" sizes=\"auto, (max-width: 337px) 100vw, 337px\" \/><\/figure>\n\n\n\n<p>Se den vackra solen som skiner p\u00e5 isbitarna och svanarna som simmar f\u00f6rbi.<\/p>\n\n\n\n<p>Vi kan ocks\u00e5 t\u00e4nka p\u00e5 vad som h\u00e4nder sen. Vad har vi l\u00e4rt oss av detta? Vad b\u00f6r vi uppskatta mer?&nbsp;<\/p>\n\n\n\n<p>Kan det till exempel ge en st\u00f6rre f\u00f6rst\u00e5else f\u00f6r m\u00e4nniskor p\u00e5 flykt? Hur deras tillvaro \u00e4r n\u00e4r de flyr helt utom egen kontroll. Hur oroliga, hur jobbigt det m\u00e5ste vara?<\/p>\n\n\n\n<p>Vi har ju ocks\u00e5 hittat l\u00f6sningar p\u00e5 m\u00f6ten och undervisning digitalt. Detta som f\u00f6r en m\u00e5nad sen var om\u00f6jligt, \u00e4r g\u00f6rligt idag. Det visar sig att vi kan minska v\u00e5rt flygande om vi m\u00e5ste. Detta som inte var m\u00f6jligt f\u00f6rut. Kommer faktiskt denna kris att ge positiva effekter f\u00f6r klimatet? Det blir sp\u00e4nnande att se.<\/p>\n\n\n\n<p>Men min tanke med detta blogginl\u00e4gg \u00e4r att inte fastna i all information, det r\u00e4cker att l\u00e4sa om det n\u00e5gra g\u00e5nger per dag. Lyft ist\u00e4llet blicken, se din livskamrat, se dina barn, se dina v\u00e4nner.<\/p>\n\n\n\n<p>Lyft blicken se den vackra solen, naturen och v\u00e5ren som \u00e4r p\u00e5 v\u00e4g.<\/p>\n\n\n\n<p>Det finns n\u00e5got annat \u00e4n de m\u00f6rka molnen. Det finns ett liv.<\/p>\n","protected":false},"excerpt":{"rendered":"<p>N\u00e4r jag jobbade talade jag ofta om att man m\u00e5ste se helheten. Lyfta blicken fr\u00e5n detaljerna och se vad det betydde f\u00f6r helheten. Det p\u00e5minner om historien om tv\u00e5 stenhuggare som h\u00f6gg stenar. Den ena sa att hans jobb var att hugga stenblock. Den andra sa att hans jobb var att bygga en katedral. Just [&hellip;]<\/p>\n","protected":false},"author":2,"featured_media":351,"comment_status":"open","ping_status":"open","sticky":false,"template":"","format":"standard","meta":{"footnotes":""},"categories":[7],"tags":[],"class_list":["post-349","post","type-post","status-publish","format-standard","has-post-thumbnail","hentry","category-livet"],"_links":{"self":[{"href":"https:\/\/www.sehlberg.net\/ulla-undrar\/wp-json\/wp\/v2\/posts\/349","targetHints":{"allow":["GET"]}}],"collection":[{"href":"https:\/\/www.sehlberg.net\/ulla-undrar\/wp-json\/wp\/v2\/posts"}],"about":[{"href":"https:\/\/www.sehlberg.net\/ulla-undrar\/wp-json\/wp\/v2\/types\/post"}],"author":[{"embeddable":true,"href":"https:\/\/www.sehlberg.net\/ulla-undrar\/wp-json\/wp\/v2\/users\/2"}],"replies":[{"embeddable":true,"href":"https:\/\/www.sehlberg.net\/ulla-undrar\/wp-json\/wp\/v2\/comments?post=349"}],"version-history":[{"count":4,"href":"https:\/\/www.sehlberg.net\/ulla-undrar\/wp-json\/wp\/v2\/posts\/349\/revisions"}],"predecessor-version":[{"id":360,"href":"https:\/\/www.sehlberg.net\/ulla-undrar\/wp-json\/wp\/v2\/posts\/349\/revisions\/360"}],"wp:featuredmedia":[{"embeddable":true,"href":"https:\/\/www.sehlberg.net\/ulla-undrar\/wp-json\/wp\/v2\/media\/351"}],"wp:attachment":[{"href":"https:\/\/www.sehlberg.net\/ulla-undrar\/wp-json\/wp\/v2\/media?parent=349"}],"wp:term":[{"taxonomy":"category","embeddable":true,"href":"https:\/\/www.sehlberg.net\/ulla-undrar\/wp-json\/wp\/v2\/categories?post=349"},{"taxonomy":"post_tag","embeddable":true,"href":"https:\/\/www.sehlberg.net\/ulla-undrar\/wp-json\/wp\/v2\/tags?post=349"}],"curies":[{"name":"wp","href":"https:\/\/api.w.org\/{rel}","templated":true}]}}