{"id":289,"date":"2020-03-14T11:23:06","date_gmt":"2020-03-14T10:23:06","guid":{"rendered":"https:\/\/www.sehlberg.net\/ulla-undrar\/?p=289"},"modified":"2020-03-15T12:13:52","modified_gmt":"2020-03-15T11:13:52","slug":"handsken-ar-kastad","status":"publish","type":"post","link":"https:\/\/www.sehlberg.net\/ulla-undrar\/handsken-ar-kastad\/","title":{"rendered":"Handsken \u00e4r kastad"},"content":{"rendered":"\n<p>Att jag slutat var som att kasta en handske och man kan inte \u00e5ngra sig. I veckan \u00e5t jag middag med en del av ledningsgruppen fr\u00e5n jobbet. Som ett  &#8221;farv\u00e4ljobb&#8221;, men det k\u00e4ndes inte som jag var pension\u00e4r och de en grupp h\u00e5rt arbetande chefer. N\u00e4, jag k\u00e4nde mig som en i gruppen. Bara en som varit p\u00e5 semester drygt en vecka.<\/p>\n\n\n\n<p>Visst hade det h\u00e4nt en del, men inte s\u00e5 mycket s\u00e5 jag inte kunde f\u00f6lja med.<\/p>\n\n\n\n<p>Vi skrattade mycket och det var v\u00e4ldigt trevligt. T\u00e4nkte att det \u00e4r detta jag saknar. M\u00e4nniskorna, gemenskapen och skratten.<\/p>\n\n\n\n<p>Men i morse n\u00e4r jag l\u00e5g kvar i s\u00e4ngen och l\u00e4ste tidningen i paddan, s\u00e5 saknade jag inte tidiga morgnar d\u00e5 man m\u00e5ste stiga upp.<\/p>\n\n\n\n<p>Men jag \u00e4r tacksam f\u00f6r mitt arbetsliv och alla h\u00e4rliga m\u00e4nniskor jag m\u00f6tt. Jag hoppas att jag kan h\u00e5lla kontakten \u00e5tminstone med en del av dem.&nbsp;<\/p>\n\n\n\n<p>N\u00e4r jag slutade jobbet, s\u00e5 pratade jag just om m\u00e4nniskor jag m\u00f6tt som gett mig mer. Som gett mig uppmuntran, skratt och f\u00f6rtroenden. Vi tar ibland alla dessa medvandrare f\u00f6r givet. Vi m\u00e5ste vara r\u00e4dd om varandra.&nbsp;<\/p>\n","protected":false},"excerpt":{"rendered":"<p>Att jag slutat var som att kasta en handske och man kan inte \u00e5ngra sig. I veckan \u00e5t jag middag med en del av ledningsgruppen fr\u00e5n jobbet. Som ett &#8221;farv\u00e4ljobb&#8221;, men det k\u00e4ndes inte som jag var pension\u00e4r och de en grupp h\u00e5rt arbetande chefer. N\u00e4, jag k\u00e4nde mig som en i gruppen. Bara en [&hellip;]<\/p>\n","protected":false},"author":2,"featured_media":340,"comment_status":"open","ping_status":"open","sticky":false,"template":"","format":"standard","meta":{"footnotes":""},"categories":[15],"tags":[],"class_list":["post-289","post","type-post","status-publish","format-standard","has-post-thumbnail","hentry","category-jobbet"],"_links":{"self":[{"href":"https:\/\/www.sehlberg.net\/ulla-undrar\/wp-json\/wp\/v2\/posts\/289","targetHints":{"allow":["GET"]}}],"collection":[{"href":"https:\/\/www.sehlberg.net\/ulla-undrar\/wp-json\/wp\/v2\/posts"}],"about":[{"href":"https:\/\/www.sehlberg.net\/ulla-undrar\/wp-json\/wp\/v2\/types\/post"}],"author":[{"embeddable":true,"href":"https:\/\/www.sehlberg.net\/ulla-undrar\/wp-json\/wp\/v2\/users\/2"}],"replies":[{"embeddable":true,"href":"https:\/\/www.sehlberg.net\/ulla-undrar\/wp-json\/wp\/v2\/comments?post=289"}],"version-history":[{"count":4,"href":"https:\/\/www.sehlberg.net\/ulla-undrar\/wp-json\/wp\/v2\/posts\/289\/revisions"}],"predecessor-version":[{"id":324,"href":"https:\/\/www.sehlberg.net\/ulla-undrar\/wp-json\/wp\/v2\/posts\/289\/revisions\/324"}],"wp:featuredmedia":[{"embeddable":true,"href":"https:\/\/www.sehlberg.net\/ulla-undrar\/wp-json\/wp\/v2\/media\/340"}],"wp:attachment":[{"href":"https:\/\/www.sehlberg.net\/ulla-undrar\/wp-json\/wp\/v2\/media?parent=289"}],"wp:term":[{"taxonomy":"category","embeddable":true,"href":"https:\/\/www.sehlberg.net\/ulla-undrar\/wp-json\/wp\/v2\/categories?post=289"},{"taxonomy":"post_tag","embeddable":true,"href":"https:\/\/www.sehlberg.net\/ulla-undrar\/wp-json\/wp\/v2\/tags?post=289"}],"curies":[{"name":"wp","href":"https:\/\/api.w.org\/{rel}","templated":true}]}}