{"id":243,"date":"2020-03-07T16:37:11","date_gmt":"2020-03-07T15:37:11","guid":{"rendered":"https:\/\/www.sehlberg.net\/ulla-undrar\/?p=243"},"modified":"2020-03-07T16:37:11","modified_gmt":"2020-03-07T15:37:11","slug":"krisen-kommer","status":"publish","type":"post","link":"https:\/\/www.sehlberg.net\/ulla-undrar\/krisen-kommer\/","title":{"rendered":"Krisen kommer"},"content":{"rendered":"\n<p>Ig\u00e5r var vi ut och \u00e5t p\u00e5 en popup-restaurang som Restaurangh\u00f6gskolan har. J\u00e4ttegott, mycket trevlig service, men hur handlar man i kris? Helt pl\u00f6tsligt reser sig Bosse och ropar: <strong>Det brinner.<\/strong><\/p>\n\n\n\n<p>En stor ljuslykta hade blivit f\u00f6r varm. Glaset kn\u00e4cktes och det varma stearinet rann ut p\u00e5 golvet. V\u00e4rmen gjorde att eldsl\u00e5gor slog upp p\u00e5 golvet. Alldeles bredvid ljuslyktan h\u00e4ngde l\u00e5nga gardiner.<\/p>\n\n\n\n<p>Efter ett tag kom en av studenterna fram med lite vatten och h\u00e4llde \u00f6ver golvet. Det l\u00f6ste sig, inget allvarligt h\u00e4nde, men man f\u00e5r sig en tankest\u00e4llare.<\/p>\n\n\n\n<p>P\u00e5 jobbet som jag just slutat, tog vi det p\u00e5 allvar detta med kris. Vi hade brand\u00f6vningar ganska ofta och de flesta visste vad de skulle g\u00f6ra n\u00e4r n\u00e5got h\u00e4nde. Men p\u00e5 andra arbetsplatser har jag varit med om att folk stannat kvar, trots brandalarmet. \u201d\u00c4sch, det var bara falskt alarm, eller brand\u00f6vning\u201d, har dom sagt. Men hur vet dom det? Hur v\u00e5gar dom riskera sitt liv eller kanske andras?&nbsp;&nbsp;<\/p>\n\n\n\n<p>Vi m\u00e5ste \u00f6va, f\u00f6r att klara av det om det verkligen h\u00e4nder. S\u00e5 min uppmaning \u00e4r att ta det p\u00e5 allvar n\u00e4sta g\u00e5ng ni har en brand\u00f6vning. Pusha dina kollegor att g\u00f6ra p\u00e5 samma s\u00e4tt. Det kan vara livsavg\u00f6rande.<\/p>\n","protected":false},"excerpt":{"rendered":"<p>Ig\u00e5r var vi ut och \u00e5t p\u00e5 en popup-restaurang som Restaurangh\u00f6gskolan har. J\u00e4ttegott, mycket trevlig service, men hur handlar man i kris? Helt pl\u00f6tsligt reser sig Bosse och ropar: Det brinner. En stor ljuslykta hade blivit f\u00f6r varm. Glaset kn\u00e4cktes och det varma stearinet rann ut p\u00e5 golvet. V\u00e4rmen gjorde att eldsl\u00e5gor slog upp p\u00e5 [&hellip;]<\/p>\n","protected":false},"author":2,"featured_media":244,"comment_status":"open","ping_status":"open","sticky":false,"template":"","format":"standard","meta":{"footnotes":""},"categories":[7],"tags":[],"class_list":["post-243","post","type-post","status-publish","format-standard","has-post-thumbnail","hentry","category-livet"],"_links":{"self":[{"href":"https:\/\/www.sehlberg.net\/ulla-undrar\/wp-json\/wp\/v2\/posts\/243","targetHints":{"allow":["GET"]}}],"collection":[{"href":"https:\/\/www.sehlberg.net\/ulla-undrar\/wp-json\/wp\/v2\/posts"}],"about":[{"href":"https:\/\/www.sehlberg.net\/ulla-undrar\/wp-json\/wp\/v2\/types\/post"}],"author":[{"embeddable":true,"href":"https:\/\/www.sehlberg.net\/ulla-undrar\/wp-json\/wp\/v2\/users\/2"}],"replies":[{"embeddable":true,"href":"https:\/\/www.sehlberg.net\/ulla-undrar\/wp-json\/wp\/v2\/comments?post=243"}],"version-history":[{"count":5,"href":"https:\/\/www.sehlberg.net\/ulla-undrar\/wp-json\/wp\/v2\/posts\/243\/revisions"}],"predecessor-version":[{"id":259,"href":"https:\/\/www.sehlberg.net\/ulla-undrar\/wp-json\/wp\/v2\/posts\/243\/revisions\/259"}],"wp:featuredmedia":[{"embeddable":true,"href":"https:\/\/www.sehlberg.net\/ulla-undrar\/wp-json\/wp\/v2\/media\/244"}],"wp:attachment":[{"href":"https:\/\/www.sehlberg.net\/ulla-undrar\/wp-json\/wp\/v2\/media?parent=243"}],"wp:term":[{"taxonomy":"category","embeddable":true,"href":"https:\/\/www.sehlberg.net\/ulla-undrar\/wp-json\/wp\/v2\/categories?post=243"},{"taxonomy":"post_tag","embeddable":true,"href":"https:\/\/www.sehlberg.net\/ulla-undrar\/wp-json\/wp\/v2\/tags?post=243"}],"curies":[{"name":"wp","href":"https:\/\/api.w.org\/{rel}","templated":true}]}}