{"id":191,"date":"2020-03-05T09:08:15","date_gmt":"2020-03-05T08:08:15","guid":{"rendered":"https:\/\/www.sehlberg.net\/ulla-undrar\/?p=191"},"modified":"2020-03-06T11:21:18","modified_gmt":"2020-03-06T10:21:18","slug":"att-tappa-sin-identitet","status":"publish","type":"post","link":"https:\/\/www.sehlberg.net\/ulla-undrar\/att-tappa-sin-identitet\/","title":{"rendered":"Att tappa sin identitet"},"content":{"rendered":"\n<p>Har t\u00e4nkt mycket p\u00e5 vilken identitet vi har. Hur ofta den bygger p\u00e5 vilket jobb, vilken arbetsplats eller vilken prestation man g\u00f6r. D\u00e4r \u00e4r Ulla som \u00e4r administrativ chef p\u00e5 biblioteket. Eller d\u00e4r \u00e4r Magdalena Forsberg VM-medalj\u00f6r i skidskytte. Det d\u00e4r \u00e4r Hans som \u00e4r rektor p\u00e5 Ume\u00e5 universitet. Vi bygger ofta v\u00e5r identitet just p\u00e5 detta. Vilket jobb vi har eller vad vi presterar. Min dotter har disputerat och en doktor ber\u00e4ttar man g\u00e4rna om. Ibland, detta g\u00e4ller fr\u00e4mst kvinnor, kan vi identifiera dem utifr\u00e5n hur m\u00e5nga barn de har. Min andra dotter \u00e4r 3-barns mamma. Inte \u00e4r det ofta man identifierar en man med att han \u00e4r 2-barns f\u00f6r\u00e4lder, m\u00f6jligen efter man ber\u00e4ttat att han \u00e4r VD. Nej d\u00e4r handlar det \u00e4nnu mer om jobb eller prestation. Fast att ha f\u00f6tt tre barn \u00e4r en prestation.&nbsp;<\/p>\n\n\n\n<p>Men i det l\u00e4get n\u00e4r jag slutat mitt jobb blir det s\u00e5 tydligt. Jag jobbar inte l\u00e4ngre p\u00e5 Ume\u00e5 universitet. Jag \u00e4r inte chef l\u00e4ngre. Nej, numera \u00e4r jag \u201dbara\u201d en pension\u00e4r.&nbsp;<\/p>\n\n\n\n<p>Men f\u00f6r mig \u00e4r det inte en identitet jag k\u00e4nner mig bekv\u00e4m med.&nbsp;<\/p>\n\n\n\n<p>Jag t\u00e4nker d\u00e5 p\u00e5 Mose som en g\u00e5ng m\u00f6tte Gud i en brinnande buske. (St\u00e5r i Moseb\u00f6ckerna) Mose undrar vad hans namn \u00e4r och Gud s\u00e4ger att hans namn \u00e4r \u201dJag \u00e4r\u201d.<\/p>\n\n\n\n<p>Ungef\u00e4r s\u00e5 vill jag s\u00e4ga att min identitet \u00e4r idag. Jag \u00e4r Ulla. Jag \u00e4r den jag \u00e4r.<\/p>\n\n\n\n<p>N\u00e4r jag fyllde 60 \u00e5r fick jag en bunt lappar i en burk. N\u00e4r jag var deppig skulle jag ta en lapp och f\u00e5 veta vem de andra tyckte jag var. De flesta lappar g\u00f6r mig glad. Men det finns n\u00e5gra som jag inte tyckte jag k\u00e4nner igen mig i. Men s\u00e5 \u00e4r det. Vem jag \u00e4r, det har jag en bild av och du har en annan bild. Ingen \u00e4r helt fel eller helt r\u00e4tt. Jag \u00e4r en person med m\u00e5nga sidor, dom kan se olika ut olika dagar. Men oavsett s\u00e5 \u00e4r jag bara jag.<\/p>\n\n\n\n<p>S\u00e5 nu ska jag b\u00f6rja med att hitta en ny identitet, hitta nya sp\u00e4nnande sidor. Jag b\u00f6rjar med att ta en lapp fr\u00e5n min burk. D\u00e4r st\u00e5r det att jag \u00e4r \u201dMonster-Ulla\u201d.&nbsp;<\/p>\n\n\n\n<p>Vilken \u00e4r din identitet?<\/p>\n","protected":false},"excerpt":{"rendered":"<p>Har t\u00e4nkt mycket p\u00e5 vilken identitet vi har. Hur ofta den bygger p\u00e5 vilket jobb, vilken arbetsplats eller vilken prestation man g\u00f6r. D\u00e4r \u00e4r Ulla som \u00e4r administrativ chef p\u00e5 biblioteket. Eller d\u00e4r \u00e4r Magdalena Forsberg VM-medalj\u00f6r i skidskytte. Det d\u00e4r \u00e4r Hans som \u00e4r rektor p\u00e5 Ume\u00e5 universitet. Vi bygger ofta v\u00e5r identitet just [&hellip;]<\/p>\n","protected":false},"author":2,"featured_media":235,"comment_status":"open","ping_status":"open","sticky":false,"template":"","format":"standard","meta":{"footnotes":""},"categories":[2],"tags":[],"class_list":["post-191","post","type-post","status-publish","format-standard","has-post-thumbnail","hentry","category-identitet"],"_links":{"self":[{"href":"https:\/\/www.sehlberg.net\/ulla-undrar\/wp-json\/wp\/v2\/posts\/191","targetHints":{"allow":["GET"]}}],"collection":[{"href":"https:\/\/www.sehlberg.net\/ulla-undrar\/wp-json\/wp\/v2\/posts"}],"about":[{"href":"https:\/\/www.sehlberg.net\/ulla-undrar\/wp-json\/wp\/v2\/types\/post"}],"author":[{"embeddable":true,"href":"https:\/\/www.sehlberg.net\/ulla-undrar\/wp-json\/wp\/v2\/users\/2"}],"replies":[{"embeddable":true,"href":"https:\/\/www.sehlberg.net\/ulla-undrar\/wp-json\/wp\/v2\/comments?post=191"}],"version-history":[{"count":3,"href":"https:\/\/www.sehlberg.net\/ulla-undrar\/wp-json\/wp\/v2\/posts\/191\/revisions"}],"predecessor-version":[{"id":236,"href":"https:\/\/www.sehlberg.net\/ulla-undrar\/wp-json\/wp\/v2\/posts\/191\/revisions\/236"}],"wp:featuredmedia":[{"embeddable":true,"href":"https:\/\/www.sehlberg.net\/ulla-undrar\/wp-json\/wp\/v2\/media\/235"}],"wp:attachment":[{"href":"https:\/\/www.sehlberg.net\/ulla-undrar\/wp-json\/wp\/v2\/media?parent=191"}],"wp:term":[{"taxonomy":"category","embeddable":true,"href":"https:\/\/www.sehlberg.net\/ulla-undrar\/wp-json\/wp\/v2\/categories?post=191"},{"taxonomy":"post_tag","embeddable":true,"href":"https:\/\/www.sehlberg.net\/ulla-undrar\/wp-json\/wp\/v2\/tags?post=191"}],"curies":[{"name":"wp","href":"https:\/\/api.w.org\/{rel}","templated":true}]}}