{"id":1637,"date":"2025-09-22T09:24:49","date_gmt":"2025-09-22T07:24:49","guid":{"rendered":"https:\/\/www.sehlberg.net\/ulla-undrar\/?p=1637"},"modified":"2025-09-22T09:26:07","modified_gmt":"2025-09-22T07:26:07","slug":"flytt-del-11-rastloshet","status":"publish","type":"post","link":"https:\/\/www.sehlberg.net\/ulla-undrar\/flytt-del-11-rastloshet\/","title":{"rendered":"Flytt &#8211; Del 11 &#8211; Rastl\u00f6shet!"},"content":{"rendered":"\n<p id=\"block-62305b99-f7d7-4839-b9a9-59ed6de3223b\">Nu \u00e4r det inte l\u00e4nge till flytt. Men fortfarande ska vi bo h\u00e4r i drygt en vecka. Vad kan vi packa ned? Vad m\u00e5ste vi v\u00e4nta med? Vi packar 1-2 l\u00e5dor per dag. Sedan har vi s\u00e5lt: Soffa, s\u00e4ng, k\u00f6ksbord. etc. <br>Vi bor allts\u00e5 lite spartanskt just nu. Inte roligt. Vi blir rastl\u00f6sa och b\u00f6rjar oroa oss f\u00f6r allt m\u00f6jligt, ofta i on\u00f6dan.<br>I vanliga fall n\u00e4r jag blir rastl\u00f6s, kan jag st\u00e4lla mig och baka. Men det kan jag inte nu. Vi f\u00f6rs\u00f6ker att t\u00f6mma frysen med allt som finns d\u00e4r. Vi ska inte fylla den med nya saker.<\/p>\n\n\n\n<p id=\"block-62305b99-f7d7-4839-b9a9-59ed6de3223b\">Jag bokar in luncher med gamla kollegor f\u00f6r att f\u00e5 tr\u00e4ffa den innan vi flyttar, men ocks\u00e5 f\u00f6r att fylla dagarna med annat \u00e4n flytt. Vilka \u00e4r det som jag tr\u00e4ffar f\u00f6r sista g\u00e5ngen? Vilka kommer att ta sig till Malm\u00f6 f\u00f6r att h\u00e4lsa p\u00e5? Vilka kommer jag att tr\u00e4ffa i Ume\u00e5 fler g\u00e5nger?<br>Jag hoppas att det \u00e4r flera som kommer att h\u00e4lsa p\u00e5 i Malm\u00f6.<\/p>\n\n\n\n<p id=\"block-62305b99-f7d7-4839-b9a9-59ed6de3223b\">Idag rensade jag i toalettsk\u00e5pet. Fanns en hel del gammalt skrot d\u00e4r att sl\u00e4nga. Blir en tripp till \u00e5tervinningscentralen.<\/p>\n\n\n\n<p>Ig\u00e5r rensade jag i skafferiet. Allt som hade en sista f\u00f6rbrukningsdag som g\u00e5tt ut, sl\u00e4ngde jag. Det var mer \u00e4n jag trodde. Men s\u00e5g p\u00e5 paketet med r\u00f6rsocker att det inte hade sista f\u00f6rbrukningsdag. Det h\u00e5ller visst f\u00f6r alltid. Obegr\u00e4nsad h\u00e5llbarhet, stod det. Sp\u00e4nnande och inte s\u00e5 vanligt.<br>Jag tycker om att testa olika matr\u00e4tter och olika bakverk. Till dessa beh\u00f6vs alltid n\u00e5gra nya ingredienser. Det \u00e4r nog d\u00e4rf\u00f6r det blir s\u00e5 mycket att rensa ut. Inte allt \u00e4r s\u00e5 gott, s\u00e5 man g\u00f6r om det.<\/p>\n\n\n\n<p>P\u00e5 tal om sista g\u00e5ngen. Vi t\u00e4nde en brasa i kaminen i f\u00f6rra veckan. D\u00e5 var det regnigt och ruskigt ute. Men s\u00e5 mysigt det blir med en brasa. Men det var nog f\u00f6r sista g\u00e5ngen.<\/p>\n\n\n\n<p id=\"block-867cf516-b8a7-4065-bf17-3b3f61b99f06\">D<strong>agens fr\u00e5g<\/strong>or:<\/p>\n\n\n\n<p id=\"block-eb0ec5bf-6b5e-493a-9352-0db338db5ce8\">Har du bes\u00f6kt Malm\u00f6 n\u00e5gon g\u00e5ng? <\/p>\n\n\n\n<p id=\"block-d5e48a52-da9e-4c34-ab09-7f9ccaa2df8a\"><strong>K<em>ommentera g\u00e4rna<\/em><\/strong><em>,<strong> j\u00e4tteroligt om du l\u00e4mnar en kommentar.<\/strong><\/em><br><em>Tyv\u00e4rr f\u00e5r du inget mail n\u00e4r n\u00e5gon skriver svar p\u00e5 din kommentar, utan du m\u00e5ste komma tillbaka sj\u00e4lv till bloggen och kolla<\/em> <em>om<\/em> <em>n\u00e5gon svarat p\u00e5 din kommentar.<\/em><\/p>\n\n\n\n<p id=\"block-79a5e331-5a16-453b-adf0-0659307d3804\"><br><strong>V<em>ill du veta n\u00e4r n\u00e4sta blogginl\u00e4gg kommer<\/em><\/strong><em>.<\/em> <a href=\"https:\/\/www.sehlberg.net\/ulla-undrar\/prenumerera\/\">Anm\u00e4l dig h\u00e4r!<\/a><\/p>\n","protected":false},"excerpt":{"rendered":"<p>Nu \u00e4r det inte l\u00e4nge till flytt. Men fortfarande ska vi bo h\u00e4r i drygt en vecka. Vad kan vi packa ned? Vad m\u00e5ste vi v\u00e4nta med? Vi packar 1-2 l\u00e5dor per dag. Sedan har vi s\u00e5lt: Soffa, s\u00e4ng, k\u00f6ksbord. etc. Vi bor allts\u00e5 lite spartanskt just nu. Inte roligt. Vi blir rastl\u00f6sa och b\u00f6rjar [&hellip;]<\/p>\n","protected":false},"author":2,"featured_media":1639,"comment_status":"open","ping_status":"open","sticky":false,"template":"","format":"standard","meta":{"footnotes":""},"categories":[21],"tags":[],"class_list":["post-1637","post","type-post","status-publish","format-standard","has-post-thumbnail","hentry","category-flytt"],"_links":{"self":[{"href":"https:\/\/www.sehlberg.net\/ulla-undrar\/wp-json\/wp\/v2\/posts\/1637","targetHints":{"allow":["GET"]}}],"collection":[{"href":"https:\/\/www.sehlberg.net\/ulla-undrar\/wp-json\/wp\/v2\/posts"}],"about":[{"href":"https:\/\/www.sehlberg.net\/ulla-undrar\/wp-json\/wp\/v2\/types\/post"}],"author":[{"embeddable":true,"href":"https:\/\/www.sehlberg.net\/ulla-undrar\/wp-json\/wp\/v2\/users\/2"}],"replies":[{"embeddable":true,"href":"https:\/\/www.sehlberg.net\/ulla-undrar\/wp-json\/wp\/v2\/comments?post=1637"}],"version-history":[{"count":3,"href":"https:\/\/www.sehlberg.net\/ulla-undrar\/wp-json\/wp\/v2\/posts\/1637\/revisions"}],"predecessor-version":[{"id":1643,"href":"https:\/\/www.sehlberg.net\/ulla-undrar\/wp-json\/wp\/v2\/posts\/1637\/revisions\/1643"}],"wp:featuredmedia":[{"embeddable":true,"href":"https:\/\/www.sehlberg.net\/ulla-undrar\/wp-json\/wp\/v2\/media\/1639"}],"wp:attachment":[{"href":"https:\/\/www.sehlberg.net\/ulla-undrar\/wp-json\/wp\/v2\/media?parent=1637"}],"wp:term":[{"taxonomy":"category","embeddable":true,"href":"https:\/\/www.sehlberg.net\/ulla-undrar\/wp-json\/wp\/v2\/categories?post=1637"},{"taxonomy":"post_tag","embeddable":true,"href":"https:\/\/www.sehlberg.net\/ulla-undrar\/wp-json\/wp\/v2\/tags?post=1637"}],"curies":[{"name":"wp","href":"https:\/\/api.w.org\/{rel}","templated":true}]}}