{"id":1632,"date":"2025-09-19T12:45:55","date_gmt":"2025-09-19T10:45:55","guid":{"rendered":"https:\/\/www.sehlberg.net\/ulla-undrar\/?p=1632"},"modified":"2025-09-19T12:45:55","modified_gmt":"2025-09-19T10:45:55","slug":"flytt-del-10-inredning","status":"publish","type":"post","link":"https:\/\/www.sehlberg.net\/ulla-undrar\/flytt-del-10-inredning\/","title":{"rendered":"Flytt &#8211; Del 10 &#8211; Inredning!"},"content":{"rendered":"\n<p id=\"block-a1e22bfa-620e-4dbd-9f1c-418bccd30eb8\">N\u00e4r vi flyttade till v\u00e5rt radhus berodde det p\u00e5 flera saker. Det var omgivningen, planl\u00f6sningen och inredningen. Det var s\u00e5 snyggt och precis v\u00e5r smak. Kanske lite f\u00f6r vitt. Men inte i det som varit mitt arbetsrum. Tapeten som sitter p\u00e5 en v\u00e4gg i mitt arbetsrum \u00e4r den ni ser p\u00e5 bilden. V\u00e5ra barnbarn sa till oss att den tapeten f\u00e5r ni inte byta ut. Det har vi inte heller gjort, s\u00e5 den finns kvar.<br>Rummet har f\u00f6rutom att vara mitt arbetsrum ocks\u00e5 varit lekrum och g\u00e4strum, framf\u00f6rallt f\u00f6r barn.<\/p>\n\n\n\n<p>Nu n\u00e4r vi kikar p\u00e5 l\u00e4genheter i Malm\u00f6 \u00e4r det sv\u00e5rt att l\u00e4mna inredningen d\u00e4rh\u00e4n. det \u00e4r mycket l\u00e4ttare att falla f\u00f6r en l\u00e4genhet med snygg inredning \u00e4n en med &#8221;konstig&#8221;.<\/p>\n\n\n\n<p>Inredning har ju blivit s\u00e5 viktigt h\u00e4r i Sverige. Renovering \u00e4r ju verkligen p\u00e5 modet. Det \u00e4r sp\u00e4nnande att se alla program om dessa. Ibland f\u00f6rfasas man \u00f6ver hur de g\u00f6r och ibland blir man lite avundsjuk.<\/p>\n\n\n\n<p>Eller att se programmet &#8221;Vem bor h\u00e4r&#8221;. S\u00e5 mycket saker de har. S\u00e5 utflippat det \u00e4r ibland och s\u00e5 stilenligt det \u00e4r ibland. Jag gillar det lekfulla i husen, men vill dessutom f\u00e5 k\u00e4nna en vila n\u00e4r jag \u00e4r hemma. Att finna lugnet och tryggheten i sitt hem, men \u00e4ven v\u00e5ga ta ut sv\u00e4ngarna ibland. <\/p>\n\n\n\n<p>Mitt hem ska vara min trygghet, men ocks\u00e5 ett hem f\u00f6r g\u00e4stfrihet. Ett hem d\u00e4r barn kan f\u00e5 leka utan att vara r\u00e4dd att f\u00f6rst\u00f6ra. Ett hem d\u00e4r jag kan sjunka ned i en sk\u00f6n soffa och l\u00e4sa en bok eller se p\u00e5 tv i lugnet. Eller s\u00e4tta p\u00e5 h\u00f6g musik och sjunga till medan jag bakar. V\u00e5rt hem vill jag ska vara ett hem d\u00e4r \u00e4ven du kan k\u00e4nna dig v\u00e4lkommen!<\/p>\n\n\n\n<p id=\"block-7d4e0995-0486-4080-bc73-517a2cb27c6c\">D<strong>agens fr\u00e5g<\/strong>or:<\/p>\n\n\n\n<p id=\"block-2ba23c08-834c-4ffc-9490-44d0846f94a0\">Vad \u00e4r viktigast i &#8221;ditt&#8221; hem?<\/p>\n\n\n\n<p id=\"block-0ee08527-4d98-4dfa-85fd-d37283ccbc9f\"><strong>K<em>ommentera g\u00e4rna<\/em><\/strong><em>,<strong> j\u00e4tteroligt om du l\u00e4mnar en kommentar.<\/strong><\/em><br><em>Tyv\u00e4rr f\u00e5r du inget mail n\u00e4r n\u00e5gon skriver svar p\u00e5 din kommentar, utan du m\u00e5ste komma tillbaka sj\u00e4lv till bloggen och kolla<\/em> <em>om<\/em> <em>n\u00e5gon svarat p\u00e5 din kommentar.<\/em><\/p>\n\n\n\n<p id=\"block-afd31b31-cb50-473c-8f24-bae159a71f11\"><br><strong>V<em>ill du veta n\u00e4r n\u00e4sta blogginl\u00e4gg kommer<\/em><\/strong><em>.<\/em> <a href=\"https:\/\/www.sehlberg.net\/ulla-undrar\/prenumerera\/\">Anm\u00e4l dig h\u00e4r!<\/a><\/p>\n","protected":false},"excerpt":{"rendered":"<p>N\u00e4r vi flyttade till v\u00e5rt radhus berodde det p\u00e5 flera saker. Det var omgivningen, planl\u00f6sningen och inredningen. Det var s\u00e5 snyggt och precis v\u00e5r smak. Kanske lite f\u00f6r vitt. Men inte i det som varit mitt arbetsrum. Tapeten som sitter p\u00e5 en v\u00e4gg i mitt arbetsrum \u00e4r den ni ser p\u00e5 bilden. V\u00e5ra barnbarn sa [&hellip;]<\/p>\n","protected":false},"author":2,"featured_media":1633,"comment_status":"open","ping_status":"open","sticky":false,"template":"","format":"standard","meta":{"footnotes":""},"categories":[21],"tags":[],"class_list":["post-1632","post","type-post","status-publish","format-standard","has-post-thumbnail","hentry","category-flytt"],"_links":{"self":[{"href":"https:\/\/www.sehlberg.net\/ulla-undrar\/wp-json\/wp\/v2\/posts\/1632","targetHints":{"allow":["GET"]}}],"collection":[{"href":"https:\/\/www.sehlberg.net\/ulla-undrar\/wp-json\/wp\/v2\/posts"}],"about":[{"href":"https:\/\/www.sehlberg.net\/ulla-undrar\/wp-json\/wp\/v2\/types\/post"}],"author":[{"embeddable":true,"href":"https:\/\/www.sehlberg.net\/ulla-undrar\/wp-json\/wp\/v2\/users\/2"}],"replies":[{"embeddable":true,"href":"https:\/\/www.sehlberg.net\/ulla-undrar\/wp-json\/wp\/v2\/comments?post=1632"}],"version-history":[{"count":3,"href":"https:\/\/www.sehlberg.net\/ulla-undrar\/wp-json\/wp\/v2\/posts\/1632\/revisions"}],"predecessor-version":[{"id":1636,"href":"https:\/\/www.sehlberg.net\/ulla-undrar\/wp-json\/wp\/v2\/posts\/1632\/revisions\/1636"}],"wp:featuredmedia":[{"embeddable":true,"href":"https:\/\/www.sehlberg.net\/ulla-undrar\/wp-json\/wp\/v2\/media\/1633"}],"wp:attachment":[{"href":"https:\/\/www.sehlberg.net\/ulla-undrar\/wp-json\/wp\/v2\/media?parent=1632"}],"wp:term":[{"taxonomy":"category","embeddable":true,"href":"https:\/\/www.sehlberg.net\/ulla-undrar\/wp-json\/wp\/v2\/categories?post=1632"},{"taxonomy":"post_tag","embeddable":true,"href":"https:\/\/www.sehlberg.net\/ulla-undrar\/wp-json\/wp\/v2\/tags?post=1632"}],"curies":[{"name":"wp","href":"https:\/\/api.w.org\/{rel}","templated":true}]}}