{"id":1623,"date":"2025-09-16T09:10:25","date_gmt":"2025-09-16T07:10:25","guid":{"rendered":"https:\/\/www.sehlberg.net\/ulla-undrar\/?p=1623"},"modified":"2025-09-16T09:10:25","modified_gmt":"2025-09-16T07:10:25","slug":"flytt-del-9-flyttlador","status":"publish","type":"post","link":"https:\/\/www.sehlberg.net\/ulla-undrar\/flytt-del-9-flyttlador\/","title":{"rendered":"Flytt &#8211; Del 9 &#8211; flyttl\u00e5dor!"},"content":{"rendered":"\n<p id=\"block-d84d3de3-4613-4a7b-94d8-bd81acd50a2f\">Tack f\u00f6r alla kommentarer till f\u00f6rra inl\u00e4gget. Jag n\u00e4mnde aldrig min morfar eller farfar d\u00e5. Det beror p\u00e5 att b\u00e5da dog redan p\u00e5 40-talet, s\u00e5 dem hann jag aldrig tr\u00e4ffa. <\/p>\n\n\n\n<p id=\"block-d84d3de3-4613-4a7b-94d8-bd81acd50a2f\">Men tillbaka till v\u00e5r flytt:<\/p>\n\n\n\n<p id=\"block-d84d3de3-4613-4a7b-94d8-bd81acd50a2f\">Hur m\u00e5nga flyttl\u00e5dor blir det? Vem vet. Vi fyller efter en. De ska f\u00f6rdelas p\u00e5 tre olika st\u00e4llen. I v\u00e5r l\u00e4genhet, i v\u00e5rt f\u00f6rr\u00e5d eller i v\u00e5r dotters hus. Vi har ju n\u00e4mligen bara en liten l\u00e4genhet d\u00e4r inte allt ryms, s\u00e5 en del f\u00e5r vi f\u00f6rvara hos v\u00e5r dotter. Men inte hur mycket som helst.<\/p>\n\n\n\n<p id=\"block-d84d3de3-4613-4a7b-94d8-bd81acd50a2f\">Just nu har vi ute tv\u00e5 annonser i blocket. Vi s\u00e4ljer v\u00e5r dubbels\u00e4ng och v\u00e5r soffa. De \u00e4r f\u00f6rresten s\u00e5lda nu. Det gick ganska fort och tomt blev det h\u00e4r hemma.<\/p>\n\n\n\n<p id=\"block-d84d3de3-4613-4a7b-94d8-bd81acd50a2f\">Varf\u00f6r s\u00e5lde vi dessa? De ryms inte i Malm\u00f6. Vi har g\u00e5tt igenom alla m\u00f6bler och sagt: Beh\u00e5lla, s\u00e4lja, ge bort eller sl\u00e4nga. Sedan har vi g\u00e5tt igenom alla m\u00f6bler vi ska beh\u00e5lla: Till Malm\u00f6 eller till Emma. Vi har d\u00e4refter k\u00f6rt en massa saker till \u00c5tervinningen och till Myrorna och PMU. Inte bara m\u00f6bler som beh\u00f6ver rensas, utan kl\u00e4der och prylar ocks\u00e5.<br>Sv\u00e5righeten \u00e4r inte att packa utan att v\u00e4lja bort.<\/p>\n\n\n\n<p id=\"block-d84d3de3-4613-4a7b-94d8-bd81acd50a2f\">Det tror jag st\u00e4mmer om livet ocks\u00e5. Man m\u00e5ste v\u00e4lja bort saker. M\u00e5nga vill ha allt och k\u00f6r p\u00e5 tills de &#8221;g\u00e5r i v\u00e4ggen&#8221;. N\u00e4r man var sm\u00e5barnsf\u00f6r\u00e4ldrar l\u00e4ngtade man efter egentid. Nu l\u00e4ngtar man efter tid tillsammans. S\u00e5 olika det \u00e4r under livet.<\/p>\n\n\n\n<p>Men egentid \u00e4r viktigt. Ge sig tid att landa att hitta tillbaka till sig sj\u00e4lv. <\/p>\n\n\n\n<p>N\u00e4r jag var mitt i allt med barn och jobb, kunde jag ibland bara ta en promenad, f\u00f6r d\u00e5 kunde allt klarna, id\u00e9erna komma och hum\u00f6ret h\u00f6jas. Speciellt bra \u00e4r det att g\u00e5 i en skog. Med h\u00f6ga tallar runtomkring en. Det renar sinnet.<\/p>\n\n\n\n<p>Men \u00e4ven n\u00e4r man flyttar beh\u00f6ver man &#8221;rena sinnet&#8221;. Genom att ta en paus och t\u00e4nka p\u00e5 annat. Mina pauser har hitintills handlat om tandl\u00e4kare och naprapat. Men nu har vi bokat in en dag p\u00e5 Spa. Det kan vi beh\u00f6va.<\/p>\n\n\n\n<p id=\"block-d84d3de3-4613-4a7b-94d8-bd81acd50a2f\">D<strong>agens fr\u00e5g<\/strong>or:<\/p>\n\n\n\n<p id=\"block-ef29ee57-2ce5-4f70-9f15-8457df20a800\">Beh\u00f6ver du egentid eller mer tillsammanstid? Hur f\u00e5r du det? har du n\u00e5t knep f\u00f6r att &#8221;rena sinnet&#8221;?<\/p>\n\n\n\n<p id=\"block-18120b7a-d262-4abd-989b-399589689086\"><strong>K<em>ommentera g\u00e4rna<\/em><\/strong><em>,<strong> j\u00e4tteroligt om du l\u00e4mnar en kommentar.<\/strong><\/em><br><em>Tyv\u00e4rr f\u00e5r du inget mail n\u00e4r n\u00e5gon skriver svar p\u00e5 din kommentar, utan du m\u00e5ste komma tillbaka sj\u00e4lv till bloggen och kolla<\/em> <em>om<\/em> <em>n\u00e5gon svarat p\u00e5 din kommentar.<\/em><\/p>\n\n\n\n<p id=\"block-1d742649-f774-4d7e-8ede-189c6926e17c\"><br><strong>V<em>ill du veta n\u00e4r n\u00e4sta blogginl\u00e4gg kommer<\/em><\/strong><em>.<\/em> <a href=\"https:\/\/www.sehlberg.net\/ulla-undrar\/prenumerera\/\">Anm\u00e4l dig h\u00e4r!<\/a><\/p>\n","protected":false},"excerpt":{"rendered":"<p>Tack f\u00f6r alla kommentarer till f\u00f6rra inl\u00e4gget. Jag n\u00e4mnde aldrig min morfar eller farfar d\u00e5. Det beror p\u00e5 att b\u00e5da dog redan p\u00e5 40-talet, s\u00e5 dem hann jag aldrig tr\u00e4ffa. Men tillbaka till v\u00e5r flytt: Hur m\u00e5nga flyttl\u00e5dor blir det? Vem vet. Vi fyller efter en. De ska f\u00f6rdelas p\u00e5 tre olika st\u00e4llen. I v\u00e5r [&hellip;]<\/p>\n","protected":false},"author":2,"featured_media":1624,"comment_status":"open","ping_status":"open","sticky":false,"template":"","format":"standard","meta":{"footnotes":""},"categories":[21],"tags":[],"class_list":["post-1623","post","type-post","status-publish","format-standard","has-post-thumbnail","hentry","category-flytt"],"_links":{"self":[{"href":"https:\/\/www.sehlberg.net\/ulla-undrar\/wp-json\/wp\/v2\/posts\/1623","targetHints":{"allow":["GET"]}}],"collection":[{"href":"https:\/\/www.sehlberg.net\/ulla-undrar\/wp-json\/wp\/v2\/posts"}],"about":[{"href":"https:\/\/www.sehlberg.net\/ulla-undrar\/wp-json\/wp\/v2\/types\/post"}],"author":[{"embeddable":true,"href":"https:\/\/www.sehlberg.net\/ulla-undrar\/wp-json\/wp\/v2\/users\/2"}],"replies":[{"embeddable":true,"href":"https:\/\/www.sehlberg.net\/ulla-undrar\/wp-json\/wp\/v2\/comments?post=1623"}],"version-history":[{"count":2,"href":"https:\/\/www.sehlberg.net\/ulla-undrar\/wp-json\/wp\/v2\/posts\/1623\/revisions"}],"predecessor-version":[{"id":1631,"href":"https:\/\/www.sehlberg.net\/ulla-undrar\/wp-json\/wp\/v2\/posts\/1623\/revisions\/1631"}],"wp:featuredmedia":[{"embeddable":true,"href":"https:\/\/www.sehlberg.net\/ulla-undrar\/wp-json\/wp\/v2\/media\/1624"}],"wp:attachment":[{"href":"https:\/\/www.sehlberg.net\/ulla-undrar\/wp-json\/wp\/v2\/media?parent=1623"}],"wp:term":[{"taxonomy":"category","embeddable":true,"href":"https:\/\/www.sehlberg.net\/ulla-undrar\/wp-json\/wp\/v2\/categories?post=1623"},{"taxonomy":"post_tag","embeddable":true,"href":"https:\/\/www.sehlberg.net\/ulla-undrar\/wp-json\/wp\/v2\/tags?post=1623"}],"curies":[{"name":"wp","href":"https:\/\/api.w.org\/{rel}","templated":true}]}}