{"id":1614,"date":"2025-09-09T09:29:40","date_gmt":"2025-09-09T07:29:40","guid":{"rendered":"https:\/\/www.sehlberg.net\/ulla-undrar\/?p=1614"},"modified":"2025-09-09T09:29:40","modified_gmt":"2025-09-09T07:29:40","slug":"flytt-del-8-snart-flytt","status":"publish","type":"post","link":"https:\/\/www.sehlberg.net\/ulla-undrar\/flytt-del-8-snart-flytt\/","title":{"rendered":"Flytt &#8211; Del 8  &#8211; snart flytt!"},"content":{"rendered":"\n<p id=\"block-072499c9-116a-4176-80d4-d78b8df56b78\">D\u00e5 min rygg pl\u00e5gat mig hela sommaren, har jag f\u00e5tt v\u00e4lja bort att blogga. Ryggen v\u00e4rker fortfarande. Men \u00e4r lite b\u00e4ttre, s\u00e5 lite bloggande ska jag nog klara.<\/p>\n\n\n\n<p>Tanden \u00e4r rotfylld, men sprack sedan. S\u00e5 tandl\u00e4karbes\u00f6ken forts\u00e4tter.<\/p>\n\n\n\n<p>Flytten d\u00e5? Vi h\u00e5ller p\u00e5 att rensa, packa i l\u00e5dor och s\u00e4lja m\u00f6bler som inte ska med. Flyttfirman och st\u00e4dfirman \u00e4r bokad, s\u00e5 nu packar vi och packar.<\/p>\n\n\n\n<p>Ibland hittar man saker man gl\u00f6mt i l\u00e5dorna. Som den lilla garnkatten som \u00e4r p\u00e5 bilden. Den fick jag av min farmor n\u00e4r jag var liten. Kanske i slutet av 50-talet eller b\u00f6rjan av 60-talet. Den har h\u00e4ngt med flytt efter flytt. Min farmor hette Jenny och bodde i Arvidsjaur. Vad var hon f\u00f6r m\u00e4nniska? Det vet jag inte. Hon dog n\u00e4r jag gick i h\u00f6gstadiet och var sjuk i slutet. Jag vet egentligen v\u00e4ldigt lite om henne.<\/p>\n\n\n\n<p>Min mormor hette Jenny och bodde i Gargn\u00e4s. Hon vet jag lite mer om. Hon \u00e4lskade att fiska, s\u00e5 jag och hon \u00e5kte ofta ut med ekan och metade. D\u00e5 fick man inte st\u00e5 i b\u00e5ten, d\u00e5 blev hon str\u00e4ng. Hon skrev ocks\u00e5 dikter p\u00e5 rim. Hon kunde passa p\u00e5 n\u00e4r hon gick ut i ladug\u00e5rden. Hon fick nog inte s\u00e5 mycket egentid, d\u00e5 de hade 9 barn. Hon blev dement i slutet och fick flytta in p\u00e5 \u00e5lderdomshemmet i Sorsele i slutet. Hon dog n\u00e4r jag var 19 \u00e5r.<\/p>\n\n\n\n<p>S\u00e5dant kan jag fundera p\u00e5 n\u00e4r jag rensar bland v\u00e5ra saker.<\/p>\n\n\n\n<p>Nu m\u00e5ste jag l\u00e4mna datorn, innan ryggen klagar.<\/p>\n\n\n\n<p id=\"block-5123dac3-0490-4dbf-ba7a-7e6d10262621\">D<strong>agens fr\u00e5g<\/strong>or:<\/p>\n\n\n\n<p id=\"block-2b0f3172-84f0-48db-8b12-0903cd55463e\">Vad vet du om dina mor- och farf\u00f6r\u00e4ldrar? Vad var de f\u00f6r m\u00e4nniskor?<\/p>\n\n\n\n<p id=\"block-2b0f3172-84f0-48db-8b12-0903cd55463e\"><strong>K<em>ommentera g\u00e4rna<\/em><\/strong><em>,<strong> j\u00e4tteroligt om du l\u00e4mnar en kommentar.<\/strong><\/em><br><em>Tyv\u00e4rr f\u00e5r du inget mail n\u00e4r n\u00e5gon skriver svar p\u00e5 din kommentar, utan du m\u00e5ste komma tillbaka sj\u00e4lv till bloggen och kolla<\/em> <em>om<\/em> <em>n\u00e5gon svarat p\u00e5 din kommentar.<\/em><\/p>\n\n\n\n<p id=\"block-bc4332f9-c495-4470-9bfb-cf625c36807a\"><br><strong>V<em>ill du veta n\u00e4r n\u00e4sta blogginl\u00e4gg kommer<\/em><\/strong><em>.<\/em> <a href=\"https:\/\/www.sehlberg.net\/ulla-undrar\/prenumerera\/\">Anm\u00e4l dig h\u00e4r!<\/a><\/p>\n","protected":false},"excerpt":{"rendered":"<p>D\u00e5 min rygg pl\u00e5gat mig hela sommaren, har jag f\u00e5tt v\u00e4lja bort att blogga. Ryggen v\u00e4rker fortfarande. Men \u00e4r lite b\u00e4ttre, s\u00e5 lite bloggande ska jag nog klara. Tanden \u00e4r rotfylld, men sprack sedan. S\u00e5 tandl\u00e4karbes\u00f6ken forts\u00e4tter. Flytten d\u00e5? Vi h\u00e5ller p\u00e5 att rensa, packa i l\u00e5dor och s\u00e4lja m\u00f6bler som inte ska med. Flyttfirman [&hellip;]<\/p>\n","protected":false},"author":2,"featured_media":1619,"comment_status":"open","ping_status":"open","sticky":false,"template":"","format":"standard","meta":{"footnotes":""},"categories":[21],"tags":[],"class_list":["post-1614","post","type-post","status-publish","format-standard","has-post-thumbnail","hentry","category-flytt"],"_links":{"self":[{"href":"https:\/\/www.sehlberg.net\/ulla-undrar\/wp-json\/wp\/v2\/posts\/1614","targetHints":{"allow":["GET"]}}],"collection":[{"href":"https:\/\/www.sehlberg.net\/ulla-undrar\/wp-json\/wp\/v2\/posts"}],"about":[{"href":"https:\/\/www.sehlberg.net\/ulla-undrar\/wp-json\/wp\/v2\/types\/post"}],"author":[{"embeddable":true,"href":"https:\/\/www.sehlberg.net\/ulla-undrar\/wp-json\/wp\/v2\/users\/2"}],"replies":[{"embeddable":true,"href":"https:\/\/www.sehlberg.net\/ulla-undrar\/wp-json\/wp\/v2\/comments?post=1614"}],"version-history":[{"count":5,"href":"https:\/\/www.sehlberg.net\/ulla-undrar\/wp-json\/wp\/v2\/posts\/1614\/revisions"}],"predecessor-version":[{"id":1622,"href":"https:\/\/www.sehlberg.net\/ulla-undrar\/wp-json\/wp\/v2\/posts\/1614\/revisions\/1622"}],"wp:featuredmedia":[{"embeddable":true,"href":"https:\/\/www.sehlberg.net\/ulla-undrar\/wp-json\/wp\/v2\/media\/1619"}],"wp:attachment":[{"href":"https:\/\/www.sehlberg.net\/ulla-undrar\/wp-json\/wp\/v2\/media?parent=1614"}],"wp:term":[{"taxonomy":"category","embeddable":true,"href":"https:\/\/www.sehlberg.net\/ulla-undrar\/wp-json\/wp\/v2\/categories?post=1614"},{"taxonomy":"post_tag","embeddable":true,"href":"https:\/\/www.sehlberg.net\/ulla-undrar\/wp-json\/wp\/v2\/tags?post=1614"}],"curies":[{"name":"wp","href":"https:\/\/api.w.org\/{rel}","templated":true}]}}