{"id":1593,"date":"2025-09-07T13:56:55","date_gmt":"2025-09-07T11:56:55","guid":{"rendered":"https:\/\/www.sehlberg.net\/ulla-undrar\/?p=1593"},"modified":"2025-09-07T13:56:55","modified_gmt":"2025-09-07T11:56:55","slug":"flytt-del-7-salt-och-ont","status":"publish","type":"post","link":"https:\/\/www.sehlberg.net\/ulla-undrar\/flytt-del-7-salt-och-ont\/","title":{"rendered":"Flytt &#8211; Del 7 s\u00e5lt och ont!"},"content":{"rendered":"\n<p>Efter tv\u00e5 visningar blev det budgivning. Vi har nu skrivit kontrakt med ett trevligt par med en liten pojke. Det k\u00e4ndes bra.<\/p>\n\n\n\n<p>Vi best\u00e4mde att inflyttning skulle bli i oktober, s\u00e5 nu har vi ett tag p\u00e5 oss att packa. Men framf\u00f6rallt att bara ha n\u00e5gra m\u00e5naders semester.<\/p>\n\n\n\n<p>Det som inte var bra att jag i samma veva fick nageltr\u00e5ng och tandv\u00e4rk och ryggv\u00e4rk. Det \u00e4r d\u00e4rf\u00f6r det dr\u00f6jde s\u00e5 med detta inl\u00e4gg, trots att det blev klart f\u00f6r en vecka sedan. <\/p>\n\n\n\n<p>Nu har jag f\u00e5tt \u00e5tg\u00e4rdat nageltr\u00e5nget och \u00e4tit penicillin en vecka f\u00f6r tandv\u00e4rken samt varit p\u00e5 f\u00f6rsta \u00e5tg\u00e4rden hos tandl\u00e4karen. Tanden m\u00e5ste rotfyllas, men f\u00f6rst bakteried\u00f6dande i tandkanalerna.<\/p>\n\n\n\n<p>Ryggen v\u00e4rker fortfarande, men lite b\u00e4ttre.<\/p>\n\n\n\n<p>S\u00e5 h\u00e4r \u00e4r livet. Gl\u00e4dje, lycka, sorg och sm\u00e4rta. Allt p\u00e5 en g\u00e5ng. Men detta f\u00e5r inte hindra oss att leva ett bra och meningsfullt liv. Det \u00e4r snart midsommar och d\u00e5 firar vi 50-\u00e5rig f\u00f6rlovningsdag! Det \u00e4r \u00e4nnu mer v\u00e4rt att fira \u00e4n ett hus som \u00e4r s\u00e5lt. Men som du f\u00f6rst\u00e5r har tiden g\u00e5tt sedan jag skrev detta utkast. Ryggen gjorde att jag valde bort att sitta vid datorn.<\/p>\n\n\n\n<p>Trots ryggen \u00e4r livet ganska bra just nu. Jag har haft en h\u00e4rlig sommar \u00e4nd\u00e5. Vilket \u00e4r underbart.<\/p>\n\n\n\n<p>D<strong>agens fr\u00e5g<\/strong>or:<\/p>\n\n\n\n<p>Vad ser du f\u00f6r positivt i livet just nu?<\/p>\n\n\n\n<p><strong>K<em>ommentera g\u00e4rna<\/em><\/strong><em>,<strong> j\u00e4tteroligt om du l\u00e4mnar en kommentar.<\/strong><\/em><strong> <\/strong><br><em>Tyv\u00e4rr f\u00e5r du inget mail n\u00e4r n\u00e5gon skriver svar p\u00e5 din kommentar, utan du m\u00e5ste komma tillbaka sj\u00e4lv till bloggen och kolla<\/em> <em>om<\/em> <em>n\u00e5gon svarat p\u00e5 din kommentar.<\/em><\/p>\n\n\n\n<p><br><strong>V<em>ill du veta n\u00e4r n\u00e4sta blogginl\u00e4gg kommer<\/em><\/strong><em>.<\/em> <a href=\"https:\/\/www.sehlberg.net\/ulla-undrar\/prenumerera\/\">Anm\u00e4l dig h\u00e4r!<\/a><\/p>\n","protected":false},"excerpt":{"rendered":"<p>Efter tv\u00e5 visningar blev det budgivning. Vi har nu skrivit kontrakt med ett trevligt par med en liten pojke. Det k\u00e4ndes bra. Vi best\u00e4mde att inflyttning skulle bli i oktober, s\u00e5 nu har vi ett tag p\u00e5 oss att packa. Men framf\u00f6rallt att bara ha n\u00e5gra m\u00e5naders semester. Det som inte var bra att jag [&hellip;]<\/p>\n","protected":false},"author":2,"featured_media":1042,"comment_status":"open","ping_status":"open","sticky":false,"template":"","format":"standard","meta":{"footnotes":""},"categories":[21],"tags":[],"class_list":["post-1593","post","type-post","status-publish","format-standard","has-post-thumbnail","hentry","category-flytt"],"_links":{"self":[{"href":"https:\/\/www.sehlberg.net\/ulla-undrar\/wp-json\/wp\/v2\/posts\/1593","targetHints":{"allow":["GET"]}}],"collection":[{"href":"https:\/\/www.sehlberg.net\/ulla-undrar\/wp-json\/wp\/v2\/posts"}],"about":[{"href":"https:\/\/www.sehlberg.net\/ulla-undrar\/wp-json\/wp\/v2\/types\/post"}],"author":[{"embeddable":true,"href":"https:\/\/www.sehlberg.net\/ulla-undrar\/wp-json\/wp\/v2\/users\/2"}],"replies":[{"embeddable":true,"href":"https:\/\/www.sehlberg.net\/ulla-undrar\/wp-json\/wp\/v2\/comments?post=1593"}],"version-history":[{"count":4,"href":"https:\/\/www.sehlberg.net\/ulla-undrar\/wp-json\/wp\/v2\/posts\/1593\/revisions"}],"predecessor-version":[{"id":1616,"href":"https:\/\/www.sehlberg.net\/ulla-undrar\/wp-json\/wp\/v2\/posts\/1593\/revisions\/1616"}],"wp:featuredmedia":[{"embeddable":true,"href":"https:\/\/www.sehlberg.net\/ulla-undrar\/wp-json\/wp\/v2\/media\/1042"}],"wp:attachment":[{"href":"https:\/\/www.sehlberg.net\/ulla-undrar\/wp-json\/wp\/v2\/media?parent=1593"}],"wp:term":[{"taxonomy":"category","embeddable":true,"href":"https:\/\/www.sehlberg.net\/ulla-undrar\/wp-json\/wp\/v2\/categories?post=1593"},{"taxonomy":"post_tag","embeddable":true,"href":"https:\/\/www.sehlberg.net\/ulla-undrar\/wp-json\/wp\/v2\/tags?post=1593"}],"curies":[{"name":"wp","href":"https:\/\/api.w.org\/{rel}","templated":true}]}}