{"id":1583,"date":"2025-05-31T13:16:20","date_gmt":"2025-05-31T11:16:20","guid":{"rendered":"https:\/\/www.sehlberg.net\/ulla-undrar\/?p=1583"},"modified":"2025-05-31T13:16:20","modified_gmt":"2025-05-31T11:16:20","slug":"flytt-del-6-infor-visning","status":"publish","type":"post","link":"https:\/\/www.sehlberg.net\/ulla-undrar\/flytt-del-6-infor-visning\/","title":{"rendered":"Flytt- del 6 &#8211; inf\u00f6r visning"},"content":{"rendered":"\n<p>Vi har landat i Ume\u00e5 efter en l\u00e5ng bilf\u00e4rd. Vi har n\u00e5gra dagar innan den f\u00f6rsta visningen ska genomf\u00f6ras. Vi ser p\u00e5 radhuset utifr\u00e5n dessa glas\u00f6gon. Vad ska plockas bort. Var ska de placeras. Vad m\u00e5ste st\u00e4das? Vilka f\u00f6nster m\u00e5ste putsas. Samtidigt h\u00f6r vi rop och musik fr\u00e5n br\u00e4nnbollsplanerna, d\u00e5 Br\u00e4nnbollyran \u00e4r i full g\u00e5ng.<\/p>\n\n\n\n<p>Ute beh\u00f6ver rabatterna rensas och vi beh\u00f6ver fylla ut med blommor och kryddv\u00e4xter p\u00e5 vissa st\u00e4llen. Som tur dyker v\u00e5r dotter Sara strax upp. Hon \u00e4r en hejare p\u00e5 tr\u00e4dg\u00e5rdar. Det \u00e4r inte jag. Bosse \u00e4r lite b\u00e4ttre, men jag har alldeles f\u00f6r lite t\u00e5lamod f\u00f6r detta och en rygg som v\u00e4rker.<\/p>\n\n\n\n<p>Ett av problemen med visningar \u00e4r att personerna g\u00e4rna vill kolla hur garderoberna ser ut. Sj\u00e4lvklart m\u00e5ste de f\u00e5 se \u00e4ven detta. Men d\u00e5 m\u00e5ste det ju vara hyfsat snyggt d\u00e4r. D\u00e4rf\u00f6r har jag rensat ut en del vinterkl\u00e4der fr\u00e5n hallgarderoben. Men vilken plats en fluffig t\u00e4ckjacka tar i en flyttkartong f\u00f6r att inte tala om de fluffiga vintert\u00e4ckena.<\/p>\n\n\n\n<p>Lite lunch p\u00e5 detta och d\u00e5 passar diskmaskinen p\u00e5 att kr\u00e5ngla. Ska vi f\u00e5 ig\u00e5ng den eller m\u00e5ste vi rusa iv\u00e4g och k\u00f6pa en ny? <\/p>\n\n\n\n<p>Idag \u00e4r det Kristi Himmelsf\u00e4rdsdag. Den dag Jesus l\u00e4mnade jorden. Varje kyrka med sj\u00e4lvaktning har en G\u00f6kotta. Ungef\u00e4r som en Julotta, fast oftast utomhus och m\u00e5nga har det vid \u00e5tta p\u00e5 morgonen. G\u00f6k\u00e5tta :-). Det \u00e4r s\u00e4kert trevligt att sitta ute med en picknickkorg, men tyv\u00e4rr alldeles f\u00f6r tidigt p\u00e5 morgonen f\u00f6r mig. Precis som Julottorna. Dessutom \u00e4r det annat som kr\u00e4ver v\u00e5r n\u00e4rvaro just nu. En trasig diskmaskin, ett skitigt f\u00f6nster och trevligt middagsfr\u00e4mmande.<\/p>\n\n\n\n<p>N\u00e4sta del kommer att handla om visningarna. Forts\u00e4ttning f\u00f6ljer:<\/p>\n\n\n\n<p>Kanske kommer det \u00e4ven ett blogginl\u00e4gg som inte handlar om flytt, som omv\u00e4xling.<\/p>\n\n\n\n<p><\/p>\n\n\n\n<p>D<strong>agens fr\u00e5g<\/strong>or:<\/p>\n\n\n\n<p>Har du varit p\u00e5 en G\u00f6kotta?<\/p>\n\n\n\n<p><strong>K<em>ommentera g\u00e4rna<\/em><\/strong><em>,<strong> j\u00e4tteroligt om du l\u00e4mnar en kommentar.<\/strong><\/em><strong> <\/strong><br><em>Tyv\u00e4rr f\u00e5r du inget mail n\u00e4r n\u00e5gon skriver svar p\u00e5 din kommentar, utan du m\u00e5ste komma tillbaka sj\u00e4lv till bloggen och kolla<\/em> <em>om<\/em> <em>n\u00e5gon svarat p\u00e5 din kommentar.<\/em><\/p>\n\n\n\n<p><br><strong>V<em>ill du veta n\u00e4r n\u00e4sta blogginl\u00e4gg kommer<\/em><\/strong><em>.<\/em> <a href=\"https:\/\/www.sehlberg.net\/ulla-undrar\/prenumerera\/\">Anm\u00e4l dig h\u00e4r!<\/a><\/p>\n","protected":false},"excerpt":{"rendered":"<p>Vi har landat i Ume\u00e5 efter en l\u00e5ng bilf\u00e4rd. Vi har n\u00e5gra dagar innan den f\u00f6rsta visningen ska genomf\u00f6ras. Vi ser p\u00e5 radhuset utifr\u00e5n dessa glas\u00f6gon. Vad ska plockas bort. Var ska de placeras. Vad m\u00e5ste st\u00e4das? Vilka f\u00f6nster m\u00e5ste putsas. Samtidigt h\u00f6r vi rop och musik fr\u00e5n br\u00e4nnbollsplanerna, d\u00e5 Br\u00e4nnbollyran \u00e4r i full g\u00e5ng. [&hellip;]<\/p>\n","protected":false},"author":2,"featured_media":1585,"comment_status":"open","ping_status":"open","sticky":false,"template":"","format":"standard","meta":{"footnotes":""},"categories":[21],"tags":[],"class_list":["post-1583","post","type-post","status-publish","format-standard","has-post-thumbnail","hentry","category-flytt"],"_links":{"self":[{"href":"https:\/\/www.sehlberg.net\/ulla-undrar\/wp-json\/wp\/v2\/posts\/1583","targetHints":{"allow":["GET"]}}],"collection":[{"href":"https:\/\/www.sehlberg.net\/ulla-undrar\/wp-json\/wp\/v2\/posts"}],"about":[{"href":"https:\/\/www.sehlberg.net\/ulla-undrar\/wp-json\/wp\/v2\/types\/post"}],"author":[{"embeddable":true,"href":"https:\/\/www.sehlberg.net\/ulla-undrar\/wp-json\/wp\/v2\/users\/2"}],"replies":[{"embeddable":true,"href":"https:\/\/www.sehlberg.net\/ulla-undrar\/wp-json\/wp\/v2\/comments?post=1583"}],"version-history":[{"count":3,"href":"https:\/\/www.sehlberg.net\/ulla-undrar\/wp-json\/wp\/v2\/posts\/1583\/revisions"}],"predecessor-version":[{"id":1587,"href":"https:\/\/www.sehlberg.net\/ulla-undrar\/wp-json\/wp\/v2\/posts\/1583\/revisions\/1587"}],"wp:featuredmedia":[{"embeddable":true,"href":"https:\/\/www.sehlberg.net\/ulla-undrar\/wp-json\/wp\/v2\/media\/1585"}],"wp:attachment":[{"href":"https:\/\/www.sehlberg.net\/ulla-undrar\/wp-json\/wp\/v2\/media?parent=1583"}],"wp:term":[{"taxonomy":"category","embeddable":true,"href":"https:\/\/www.sehlberg.net\/ulla-undrar\/wp-json\/wp\/v2\/categories?post=1583"},{"taxonomy":"post_tag","embeddable":true,"href":"https:\/\/www.sehlberg.net\/ulla-undrar\/wp-json\/wp\/v2\/tags?post=1583"}],"curies":[{"name":"wp","href":"https:\/\/api.w.org\/{rel}","templated":true}]}}