{"id":1572,"date":"2025-05-29T12:06:13","date_gmt":"2025-05-29T10:06:13","guid":{"rendered":"https:\/\/www.sehlberg.net\/ulla-undrar\/?p=1572"},"modified":"2025-05-29T19:23:08","modified_gmt":"2025-05-29T17:23:08","slug":"flytt-del-5-annonsering","status":"publish","type":"post","link":"https:\/\/www.sehlberg.net\/ulla-undrar\/flytt-del-5-annonsering\/","title":{"rendered":"Flytt &#8211; del 5 &#8211; Annonsering"},"content":{"rendered":"\n<p>Dagarna i Malm\u00f6 n\u00e4rmar sig sitt slut. Vi har kunnat sl\u00e4ppa f\u00f6rs\u00e4ljningen en del. Men inte helt. Sara, v\u00e5r dotter fick \u00e5ka till radhuset och st\u00e4lla ut utem\u00f6blerna. V\u00e5ra sn\u00e4lla grannar tog fram dynorna. Allt f\u00f6r att fotografen skulle kunna fota utomhus.<\/p>\n\n\n\n<p>Vi har haft soliga vackra dagar, vi har haft regniga och bl\u00e5siga dagar. Vi har haft hagel, men ingen sn\u00f6. Vi har passat p\u00e5 och \u00e5kt till Porto en vecka, vi har firat ett barnbarns 10 \u00e5rs dag och Bosses f\u00f6delsedag, Vi har bes\u00f6kt fina caf\u00e9er och hittat vackra vandringsleder. Vi har shoppat i centrala Malm\u00f6 och bes\u00f6kt en kyrka i Lund.<\/p>\n\n\n\n<p>Men nu b\u00f6rjar allvaret igen. V\u00e5r m\u00e4klare skickade oss text och bilder om radhuset f\u00f6r annonsgodk\u00e4nnande. Vi r\u00e4ttade och skickade tillbaka. Nu v\u00e4ntar vi bara p\u00e5 publiceringen. <\/p>\n\n\n\n<p>I morse funderade jag p\u00e5 v\u00e5ra k\u00e4nslor inf\u00f6r denna flytt. Vi hade det nog jobbigast innan vi best\u00e4mt oss och innan vi pratat med v\u00e5ra d\u00f6ttrar. Vad \u00e4r r\u00e4tt och vad \u00e4r fel? Kommer v\u00e5r dotter i Ume\u00e5 bli ledsen. Kommer v\u00e5r dotter i Malm\u00f6 bli glad? Men d\u00e5 vi har fantastiska d\u00f6ttrar gick allt bra och vi kunde andas ut. Men fortfarande finns tvivel och oro i kroppen. Just nu l\u00e4ngtar jag tills vi har en k\u00f6pare, s\u00e5 vi kan l\u00e4mna steg 1. Men f\u00f6rst m\u00e5ste annonsen ut p\u00e5 Hemnet.<\/p>\n\n\n\n<p>Och nu \u00e4r den ute:<\/p>\n\n\n\n<p><a href=\"https:\/\/www.hemnet.se\/bostad\/villa-5rum-mariehem-umea-kommun-trastvagen-9h-21549054\">https:\/\/www.hemnet.se\/bostad\/villa-5rum-mariehem-umea-kommun-trastvagen-9h-21549054<\/a><\/p>\n\n\n\n<p><em>Samtidigt skulle vi l\u00e4gga ut f\u00f6rsta blogginl\u00e4gget publikt, men det r\u00e5kade bli att fyra stycken blogginl\u00e4gg blev publika samtidigt. S\u00e5 tokigt det kan bli.<\/em><\/p>\n\n\n\n<p>Nu \u00e4r vi p\u00e5 g\u00e5ng. \u00c4n s\u00e5 l\u00e4nge har har 550 st kollat p\u00e5 annonsen. Efter cirka 24 timmar ute p\u00e5 n\u00e4tet. Det tyder ju \u00e4nd\u00e5 p\u00e5 ett visst intresse. <\/p>\n\n\n\n<p>Nu packar vi f\u00f6r fullt f\u00f6r att \u00e5ka till Ume\u00e5.  Forts\u00e4ttning f\u00f6ljer.<\/p>\n\n\n\n<p>D<strong>agens fr\u00e5g<\/strong>or:<\/p>\n\n\n\n<p>M\u00e5nga \u00e4lskar att kolla p\u00e5 lediga hus och l\u00e4genheter p\u00e5 Hemnet. G\u00f6r du?<\/p>\n\n\n\n<p>Vad skulle vara det sv\u00e5raste f\u00f6r dig om du skulle l\u00e4mna ditt nuvarande hem?<\/p>\n\n\n\n<p><strong>K<em>ommentera g\u00e4rna<\/em><\/strong><em>,<strong> j\u00e4tteroligt om du l\u00e4mnar en kommentar.<\/strong><\/em><strong> <\/strong><br><em>Tyv\u00e4rr f\u00e5r du inget mail n\u00e4r n\u00e5gon skriver svar p\u00e5 din kommentar, utan du m\u00e5ste komma tillbaka sj\u00e4lv till bloggen och kolla<\/em> <em>om<\/em> <em>n\u00e5gon svarat p\u00e5 din kommentar.<\/em><\/p>\n\n\n\n<p><br><strong>V<em>ill du veta n\u00e4r n\u00e4sta blogginl\u00e4gg kommer<\/em><\/strong><em>.<\/em> <a href=\"https:\/\/www.sehlberg.net\/ulla-undrar\/prenumerera\/\">Anm\u00e4l dig h\u00e4r!<\/a><\/p>\n","protected":false},"excerpt":{"rendered":"<p>Dagarna i Malm\u00f6 n\u00e4rmar sig sitt slut. Vi har kunnat sl\u00e4ppa f\u00f6rs\u00e4ljningen en del. Men inte helt. Sara, v\u00e5r dotter fick \u00e5ka till radhuset och st\u00e4lla ut utem\u00f6blerna. V\u00e5ra sn\u00e4lla grannar tog fram dynorna. Allt f\u00f6r att fotografen skulle kunna fota utomhus. Vi har haft soliga vackra dagar, vi har haft regniga och bl\u00e5siga dagar. [&hellip;]<\/p>\n","protected":false},"author":2,"featured_media":1580,"comment_status":"open","ping_status":"open","sticky":false,"template":"","format":"standard","meta":{"footnotes":""},"categories":[21],"tags":[],"class_list":["post-1572","post","type-post","status-publish","format-standard","has-post-thumbnail","hentry","category-flytt"],"_links":{"self":[{"href":"https:\/\/www.sehlberg.net\/ulla-undrar\/wp-json\/wp\/v2\/posts\/1572","targetHints":{"allow":["GET"]}}],"collection":[{"href":"https:\/\/www.sehlberg.net\/ulla-undrar\/wp-json\/wp\/v2\/posts"}],"about":[{"href":"https:\/\/www.sehlberg.net\/ulla-undrar\/wp-json\/wp\/v2\/types\/post"}],"author":[{"embeddable":true,"href":"https:\/\/www.sehlberg.net\/ulla-undrar\/wp-json\/wp\/v2\/users\/2"}],"replies":[{"embeddable":true,"href":"https:\/\/www.sehlberg.net\/ulla-undrar\/wp-json\/wp\/v2\/comments?post=1572"}],"version-history":[{"count":4,"href":"https:\/\/www.sehlberg.net\/ulla-undrar\/wp-json\/wp\/v2\/posts\/1572\/revisions"}],"predecessor-version":[{"id":1582,"href":"https:\/\/www.sehlberg.net\/ulla-undrar\/wp-json\/wp\/v2\/posts\/1572\/revisions\/1582"}],"wp:featuredmedia":[{"embeddable":true,"href":"https:\/\/www.sehlberg.net\/ulla-undrar\/wp-json\/wp\/v2\/media\/1580"}],"wp:attachment":[{"href":"https:\/\/www.sehlberg.net\/ulla-undrar\/wp-json\/wp\/v2\/media?parent=1572"}],"wp:term":[{"taxonomy":"category","embeddable":true,"href":"https:\/\/www.sehlberg.net\/ulla-undrar\/wp-json\/wp\/v2\/categories?post=1572"},{"taxonomy":"post_tag","embeddable":true,"href":"https:\/\/www.sehlberg.net\/ulla-undrar\/wp-json\/wp\/v2\/tags?post=1572"}],"curies":[{"name":"wp","href":"https:\/\/api.w.org\/{rel}","templated":true}]}}