{"id":1540,"date":"2025-05-23T09:33:35","date_gmt":"2025-05-23T07:33:35","guid":{"rendered":"https:\/\/www.sehlberg.net\/ulla-undrar\/?p=1540"},"modified":"2025-05-23T09:33:35","modified_gmt":"2025-05-23T07:33:35","slug":"flytt-del-4-forsaljning","status":"publish","type":"post","link":"https:\/\/www.sehlberg.net\/ulla-undrar\/flytt-del-4-forsaljning\/","title":{"rendered":"Flytt &#8211; del 4 &#8211; f\u00f6rs\u00e4ljning"},"content":{"rendered":"\n<p>Att s\u00e4lja och k\u00f6pa hus och stugor har vi gjort i m\u00e5nga omg\u00e5ngar, s\u00e5 det kan vi. Men denna g\u00e5ng valde vi bara en m\u00e4klare. Vi tog n\u00e4mligen direkt kontakt med samma m\u00e4klare som s\u00e5lde stugan \u00e5t oss. Sist fick vi ju en present av k\u00f6parna. Men det f\u00e5r man kanske inte varje g\u00e5ng.<\/p>\n\n\n\n<p>Anna, som v\u00e5r m\u00e4klare heter kom till oss i slutet av Mars. Hon gick runt i radhuset och sedan satte vi oss ned med en kopp kaffe. D\u00e4r diskuterade vi vad som beh\u00f6vde g\u00f6ras och pris. D\u00e4refter sattes f\u00f6ljande tidsplan upp:<\/p>\n\n\n\n<ol class=\"wp-block-list\">\n<li>Tr\u00e4ff med stylist &#8211; veckan efter<\/li>\n\n\n\n<li>Styla radhuset efter\u00e5t, efter hennes anvisningar<\/li>\n\n\n\n<li>Fotografering &#8211; vecka efter<\/li>\n\n\n\n<li>Energibesiktning &#8211; \u00e4nnu en vecka senare<\/li>\n<\/ol>\n\n\n\n<p>Trots att vi s\u00e5lt s\u00e5 m\u00e5nga hus och stugor var det f\u00f6rsta g\u00e5ngen med en stylist. Vi var nyfikna och sp\u00e4nda. Hon gick igenom huset och hade \u00e5sikter. Det handlade fr\u00e4mst att plocka bort en massa saker. Huset skulle vara mer neutralt. De personer som kom p\u00e5 visning ska skulle vilka m\u00f6jligheter som fanns, inte hur vi valt att g\u00f6ra.\u00a0<\/p>\n\n\n\n<p>Vi suckade n\u00e4r hon g\u00e5tt. Det var mer att g\u00f6ra \u00e4n vi anat. Vi plockade och fixade d\u00e4refter efter hennes anvisningar. Fast vi lyssnade inte p\u00e5 alla f\u00f6rslag hon hade. Det tog mycket mer tid \u00e4n vi trott, men n\u00e4r det var dags f\u00f6r fotografering var vi i alla fall i kapp.<\/p>\n\n\n\n<p>Fotografen kom n\u00e5gon dag senare och fotograferade. Vi sprang f\u00f6re och flyttade bort saker som skymde. Det \u00e4r m\u00e5nga foton som ska tas och mycket som ska flyttas. S\u00e5 h\u00e4r kunde det se ut i ett rum n\u00e4r fotografen var i ett annat.<\/p>\n\n\n\n<figure class=\"wp-block-image size-medium\"><img loading=\"lazy\" decoding=\"async\" width=\"225\" height=\"300\" src=\"https:\/\/www.sehlberg.net\/ulla-undrar\/wp-content\/uploads\/2025\/05\/styling-225x300.jpeg\" alt=\"\" class=\"wp-image-1561\" srcset=\"https:\/\/www.sehlberg.net\/ulla-undrar\/wp-content\/uploads\/2025\/05\/styling-225x300.jpeg 225w, https:\/\/www.sehlberg.net\/ulla-undrar\/wp-content\/uploads\/2025\/05\/styling.jpeg 768w\" sizes=\"auto, (max-width: 225px) 100vw, 225px\" \/><\/figure>\n\n\n\n<p>N\u00e4r fotografen \u00e4ntligen var klar suckade vi av l\u00e4ttnad. Nu var vi ig\u00e5ng.<\/p>\n\n\n\n<p>Kvar av f\u00f6rberedelserna var en energibesiktning. Den var enkel om man j\u00e4mf\u00f6r detta med styling och fotografering.&nbsp;<\/p>\n\n\n\n<p>Vi fick klass B p\u00e5 besiktningen. Vilket \u00e4r bra. A \u00e4r visserligen b\u00e4st, men med ett radhus fr\u00e5n 1967 \u00e4r det ett bra resultat.<\/p>\n\n\n\n<p>Nu var allt klart f\u00f6r tillf\u00e4llet. Nu tog vi en paus och vi tog bilen och k\u00f6rde ner till Malm\u00f6 dit v\u00e5ren kommit lite l\u00e4ngre.<\/p>\n\n\n\n<p>Forts\u00e4ttning f\u00f6ljer<\/p>\n\n\n\n<p>D<strong>agens fr\u00e5g<\/strong>a:<\/p>\n\n\n\n<p>Vad tycker du om stylade hem i bostadsannonserna? N\u00e5got speciellt du reagerat p\u00e5?<\/p>\n\n\n\n<p><strong>K<em>ommentera g\u00e4rna<\/em><\/strong><em>,<strong> j\u00e4tteroligt om du l\u00e4mnar en kommentar.<\/strong><\/em><strong> <\/strong><br><em>Tyv\u00e4rr f\u00e5r du inget mail n\u00e4r n\u00e5gon skriver svar p\u00e5 din kommentar, utan du m\u00e5ste komma tillbaka sj\u00e4lv till bloggen och kolla<\/em> <em>om<\/em> <em>n\u00e5gon svarat p\u00e5 din kommentar.<\/em><\/p>\n\n\n\n<p><br><strong>V<em>ill du veta n\u00e4r n\u00e4sta blogginl\u00e4gg kommer<\/em><\/strong><em>.<\/em> <a href=\"https:\/\/www.sehlberg.net\/ulla-undrar\/prenumerera\/\">Anm\u00e4l dig h\u00e4r!<\/a><\/p>\n","protected":false},"excerpt":{"rendered":"<p>Att s\u00e4lja och k\u00f6pa hus och stugor har vi gjort i m\u00e5nga omg\u00e5ngar, s\u00e5 det kan vi. Men denna g\u00e5ng valde vi bara en m\u00e4klare. Vi tog n\u00e4mligen direkt kontakt med samma m\u00e4klare som s\u00e5lde stugan \u00e5t oss. Sist fick vi ju en present av k\u00f6parna. Men det f\u00e5r man kanske inte varje g\u00e5ng. Anna, [&hellip;]<\/p>\n","protected":false},"author":2,"featured_media":1541,"comment_status":"open","ping_status":"open","sticky":false,"template":"","format":"standard","meta":{"footnotes":""},"categories":[21],"tags":[],"class_list":["post-1540","post","type-post","status-publish","format-standard","has-post-thumbnail","hentry","category-flytt"],"_links":{"self":[{"href":"https:\/\/www.sehlberg.net\/ulla-undrar\/wp-json\/wp\/v2\/posts\/1540","targetHints":{"allow":["GET"]}}],"collection":[{"href":"https:\/\/www.sehlberg.net\/ulla-undrar\/wp-json\/wp\/v2\/posts"}],"about":[{"href":"https:\/\/www.sehlberg.net\/ulla-undrar\/wp-json\/wp\/v2\/types\/post"}],"author":[{"embeddable":true,"href":"https:\/\/www.sehlberg.net\/ulla-undrar\/wp-json\/wp\/v2\/users\/2"}],"replies":[{"embeddable":true,"href":"https:\/\/www.sehlberg.net\/ulla-undrar\/wp-json\/wp\/v2\/comments?post=1540"}],"version-history":[{"count":8,"href":"https:\/\/www.sehlberg.net\/ulla-undrar\/wp-json\/wp\/v2\/posts\/1540\/revisions"}],"predecessor-version":[{"id":1573,"href":"https:\/\/www.sehlberg.net\/ulla-undrar\/wp-json\/wp\/v2\/posts\/1540\/revisions\/1573"}],"wp:featuredmedia":[{"embeddable":true,"href":"https:\/\/www.sehlberg.net\/ulla-undrar\/wp-json\/wp\/v2\/media\/1541"}],"wp:attachment":[{"href":"https:\/\/www.sehlberg.net\/ulla-undrar\/wp-json\/wp\/v2\/media?parent=1540"}],"wp:term":[{"taxonomy":"category","embeddable":true,"href":"https:\/\/www.sehlberg.net\/ulla-undrar\/wp-json\/wp\/v2\/categories?post=1540"},{"taxonomy":"post_tag","embeddable":true,"href":"https:\/\/www.sehlberg.net\/ulla-undrar\/wp-json\/wp\/v2\/tags?post=1540"}],"curies":[{"name":"wp","href":"https:\/\/api.w.org\/{rel}","templated":true}]}}