{"id":1538,"date":"2025-05-23T09:28:06","date_gmt":"2025-05-23T07:28:06","guid":{"rendered":"https:\/\/www.sehlberg.net\/ulla-undrar\/?p=1538"},"modified":"2025-05-23T09:28:06","modified_gmt":"2025-05-23T07:28:06","slug":"flytt-del-3-valen","status":"publish","type":"post","link":"https:\/\/www.sehlberg.net\/ulla-undrar\/flytt-del-3-valen\/","title":{"rendered":"Flytt &#8211; del 3 &#8211; Valen"},"content":{"rendered":"\n<p>Vilka val hade vi nu n\u00e4r \u00e4ven Bosse hade problem? Hur skulle vi g\u00f6ra f\u00f6r att slippa sn\u00f6, is och den eviga sn\u00f6skottningen?<\/p>\n\n\n\n<p>V\u00e5r f\u00f6rsta tanke var att k\u00f6pa en l\u00e4genhet i Ume\u00e5. Vi kollade Hemnet och Booli. Vi kollade in vilket omr\u00e5de vi ville ha och till vilket pris. Vi kollade in nybyggnationer och skickade in en intresseanm\u00e4lan. Men vi tvekade fortfarande. Var detta r\u00e4tt?<\/p>\n\n\n\n<p>Diskussionerna gick h\u00f6ga hos oss, Hur skulle vi g\u00f6ra? Om vi ville undvika vintern i Ume\u00e5 skulle vi ju vara borta mer \u00e4n halva \u00e5ret. Kanske skulle vi ist\u00e4llet flytta till Sk\u00e5ne. Eller?<\/p>\n\n\n\n<p>Vi gjorde en lista med f\u00f6r- och nackdelar. Med plus och minus. Vi ville inte fastna i ett tankes\u00e4tt. Vi m\u00e5ste vara \u00f6ppna f\u00f6r allt.<\/p>\n\n\n\n<p>Vi hade m\u00e5nga bra saker i Ume\u00e5. H\u00f6gst upp l\u00e5g v\u00e5r dotter Sara med familj. En familj med tv\u00e5 av v\u00e5ra underbara barnbarn. Hur skulle vi kunna l\u00e4mna dem. Vi har sett hur de v\u00e4xt upp fr\u00e5n 0 \u00e5r och till ton\u00e5ring. De som brukade komma och sova \u00f6ver hos oss ibland. Detta var den sv\u00e5raste pucken f\u00f6r oss.<\/p>\n\n\n\n<p>Men vi fortsatte att skriva upp plus och minus.<\/p>\n\n\n\n<p>Minus i Ume\u00e5 var just vintern. D\u00e5 b\u00e5de jag och Bosse hade fysiska problem som f\u00f6rv\u00e4rrades under vintern. Sedan var s\u00e4songen kortare f\u00f6r uteaktiviteter p g a v\u00e5ra problem.<\/p>\n\n\n\n<p>S\u00e5 plus f\u00f6r Malm\u00f6 var alla sp\u00e4nnande caf\u00e9er p\u00e5 landsbygden som man kunde \u00e5ka till, ibland redan fr\u00e5n april. Plus var naturligtvis Emma med familj och min syster Barbro och hennes G\u00f6ran.<\/p>\n\n\n\n<p>Plus f\u00f6r Ume\u00e5 var \u00e4ven de v\u00e4nner vi har och n\u00e4rheten till sl\u00e4kten i Norrbotten.<\/p>\n\n\n\n<p>Minus i Malm\u00f6 var just detta att vi inte k\u00e4nde s\u00e5 m\u00e5nga d\u00e4r. Skulle vi bli ensamma?<\/p>\n\n\n\n<p>I Ume\u00e5 hade jag just klivit av som ordf\u00f6rande p\u00e5 Hedlundakyrkans f\u00f6rsamling och hade inga specifika uppgifter som skulle st\u00e4lla till det. Att l\u00e4mna den f\u00f6rsamlingen k\u00e4ndes tr\u00e5kigt. Men sp\u00e4nnande att l\u00e4ra kunna en ny. S\u00e5 d\u00e4r blev det b\u00e5de plus och minus.<\/p>\n\n\n\n<p>Efter de m\u00e5nga punkter vann \u00e4nd\u00e5 Malm\u00f6. Vi visste ocks\u00e5 att skulle vi g\u00f6ra en s\u00e5 stor flytt b\u00f6r det ske innan vi blev \u00e4nnu \u00e4ldre. Vi m\u00e5ste passa p\u00e5 nu och inte skjuta p\u00e5 det mer. Ju \u00e4ldre man blir desto sv\u00e5rare blir det med f\u00f6r\u00e4ndring.<br>D\u00e5 kom n\u00e4sta dilemma. Skulle vi d\u00e5 skaffa en \u00f6vernattningsl\u00e4genhet i Ume\u00e5 eller inte?<\/p>\n\n\n\n<p>Vi tittade p\u00e5 utbudet av l\u00e4genheter i Ume\u00e5. Vi gick p\u00e5 tv\u00e5 visningar. Men\u2026<\/p>\n\n\n\n<p>Hur skulle vi g\u00f6ra. Vi ville inte l\u00e4mna Ume\u00e5 helt, d\u00e5 vi har v\u00e5r \u00e4ldsta dotter med familj d\u00e4r. Kunde vi bo hos dem ett l\u00e4ngre tag?<\/p>\n\n\n\n<p>Till sist kom vi fram till att vi inte kunde skaffa \u00f6vernattningsl\u00e4genhet i Ume\u00e5. Att ha en l\u00e4genhet f\u00f6r n\u00e5gra veckor, m\u00e5nad blev f\u00f6r dyrt och besv\u00e4rligt. En l\u00e4genhet som skulle st\u00e5 tom st\u00f6rsta delen av \u00e5ret. Kanske kan vi under sommaren hyra en stuga i trakten och i \u00f6vrigt bo \u00f6ver hos dotter Sara n\u00e4r vi ville komma till Ume\u00e5.<\/p>\n\n\n\n<p>Vi pratade med v\u00e5ra d\u00f6ttrar om v\u00e5ra tankar och beslut och tog sedan kontakt med en m\u00e4klare.<\/p>\n\n\n\n<p>Vad h\u00e4nde sen? Forts\u00e4ttning f\u00f6ljer.<\/p>\n\n\n\n<p><strong>Dagens fr\u00e5g<\/strong>a:<\/p>\n\n\n\n<p>Vad \u00e4r den st\u00f6rsta f\u00f6rdelen att bo just d\u00e4r du bor?<\/p>\n\n\n\n<p><strong>K<em>ommentera g\u00e4rna<\/em><\/strong><em>,<strong> j\u00e4tteroligt om du l\u00e4mnar en kommentar.<\/strong><\/em><strong> <\/strong><br><em>Tyv\u00e4rr f\u00e5r du inget mail n\u00e4r n\u00e5gon skriver svar p\u00e5 din kommentar, utan du m\u00e5ste komma tillbaka sj\u00e4lv till bloggen och kolla<\/em> <em>om<\/em> <em>n\u00e5gon svarat p\u00e5 din kommentar.<\/em><\/p>\n\n\n\n<p><br><strong>V<em>ill du veta n\u00e4r n\u00e4sta blogginl\u00e4gg kommer<\/em><\/strong><em>.<\/em> <a href=\"https:\/\/www.sehlberg.net\/ulla-undrar\/prenumerera\/\">Anm\u00e4l dig h\u00e4r!<\/a><\/p>\n","protected":false},"excerpt":{"rendered":"<p>Vilka val hade vi nu n\u00e4r \u00e4ven Bosse hade problem? Hur skulle vi g\u00f6ra f\u00f6r att slippa sn\u00f6, is och den eviga sn\u00f6skottningen? V\u00e5r f\u00f6rsta tanke var att k\u00f6pa en l\u00e4genhet i Ume\u00e5. Vi kollade Hemnet och Booli. Vi kollade in vilket omr\u00e5de vi ville ha och till vilket pris. Vi kollade in nybyggnationer och [&hellip;]<\/p>\n","protected":false},"author":2,"featured_media":7,"comment_status":"open","ping_status":"open","sticky":false,"template":"","format":"standard","meta":{"footnotes":""},"categories":[21],"tags":[],"class_list":["post-1538","post","type-post","status-publish","format-standard","has-post-thumbnail","hentry","category-flytt"],"_links":{"self":[{"href":"https:\/\/www.sehlberg.net\/ulla-undrar\/wp-json\/wp\/v2\/posts\/1538","targetHints":{"allow":["GET"]}}],"collection":[{"href":"https:\/\/www.sehlberg.net\/ulla-undrar\/wp-json\/wp\/v2\/posts"}],"about":[{"href":"https:\/\/www.sehlberg.net\/ulla-undrar\/wp-json\/wp\/v2\/types\/post"}],"author":[{"embeddable":true,"href":"https:\/\/www.sehlberg.net\/ulla-undrar\/wp-json\/wp\/v2\/users\/2"}],"replies":[{"embeddable":true,"href":"https:\/\/www.sehlberg.net\/ulla-undrar\/wp-json\/wp\/v2\/comments?post=1538"}],"version-history":[{"count":9,"href":"https:\/\/www.sehlberg.net\/ulla-undrar\/wp-json\/wp\/v2\/posts\/1538\/revisions"}],"predecessor-version":[{"id":1570,"href":"https:\/\/www.sehlberg.net\/ulla-undrar\/wp-json\/wp\/v2\/posts\/1538\/revisions\/1570"}],"wp:featuredmedia":[{"embeddable":true,"href":"https:\/\/www.sehlberg.net\/ulla-undrar\/wp-json\/wp\/v2\/media\/7"}],"wp:attachment":[{"href":"https:\/\/www.sehlberg.net\/ulla-undrar\/wp-json\/wp\/v2\/media?parent=1538"}],"wp:term":[{"taxonomy":"category","embeddable":true,"href":"https:\/\/www.sehlberg.net\/ulla-undrar\/wp-json\/wp\/v2\/categories?post=1538"},{"taxonomy":"post_tag","embeddable":true,"href":"https:\/\/www.sehlberg.net\/ulla-undrar\/wp-json\/wp\/v2\/tags?post=1538"}],"curies":[{"name":"wp","href":"https:\/\/api.w.org\/{rel}","templated":true}]}}