{"id":1535,"date":"2025-05-23T09:22:19","date_gmt":"2025-05-23T07:22:19","guid":{"rendered":"https:\/\/www.sehlberg.net\/ulla-undrar\/?p=1535"},"modified":"2025-05-24T09:54:43","modified_gmt":"2025-05-24T07:54:43","slug":"flytt-del-2-varfor","status":"publish","type":"post","link":"https:\/\/www.sehlberg.net\/ulla-undrar\/flytt-del-2-varfor\/","title":{"rendered":"Flytt-del 2 &#8211; Varf\u00f6r"},"content":{"rendered":"\n<p>Vi s\u00e5lde stugan snabbare \u00e4n vi trodde varit m\u00f6jligt. Stug\u00e4garna var \u00f6verlyckliga, vi var mycket n\u00f6jda och m\u00e4klaren log. I oktober f\u00f6r 1,5 \u00e5r sedan \u00f6verl\u00e4mnade vi nycklarna till de nya \u00e4garna. Har du n\u00e5gon g\u00e5ng s\u00e5lt en fastighet och f\u00e5tt en present av de nya \u00e4garna? Inte s\u00e5 vanligt, men det fick vi.<\/p>\n\n\n\n<p>Vi l\u00e4mnade ifr\u00e5n oss stugan med ett leende. Vi var faktiskt f\u00f6rbi och h\u00e4lsade p\u00e5 v\u00e5r stuga (och de nya \u00e4garna) tv\u00e5 g\u00e5nger i sommar och de var fortfarande glada.<\/p>\n\n\n\n<p>Nu var det dags att kolla p\u00e5 en \u00f6vernattningsl\u00e4genhet. Vi \u00e5kte till Malm\u00f6 och b\u00f6rjade kolla in l\u00e4genheter. Vi tog med oss min syster och sv\u00e5ger (Barbro och G\u00f6ran) p\u00e5 visningarna vi gick p\u00e5. De hade alldeles nyligen flyttat fr\u00e5n Stockholm till Malm\u00f6, s\u00e5 de var vana vid visningar. De kunde \u00e4ven vara bra att ha om det skulle bli allvar. D\u00e5 kunde de vara v\u00e5ra &#8221;bulvaner&#8221; i Malm\u00f6, s\u00e5 lite baktankar hade vi, n\u00e4r vi tog med dem.<br>Efter fyra visningar hade vi hittat en l\u00e4genhetsom vi gillade. <br>Vi budade och efter lite diskussioner var den v\u00e5r och vi skickade v\u00e5ra &#8221;bulvaner&#8221; att skriva under kontraktet. <\/p>\n\n\n\n<p>Vi har nu haft l\u00e4genheten i 1,5 \u00e5r. Vi trivs bra i den och p\u00e5 omr\u00e5det och i Malm\u00f6. Vi k\u00e4nner ocks\u00e5 att vi har en uppgift h\u00e4r. Men det viktigaste \u00e4r \u00e4nd\u00e5 att vi trivs sj\u00e4lva v\u00e4ldigt bra att vara h\u00e4r i Sk\u00e5ne.&nbsp;<\/p>\n\n\n\n<p>Men \u00e4nd\u00e5. Varf\u00f6r inte n\u00f6ja oss med detta.<\/p>\n\n\n\n<p>Tanken hade varit att vara i Malm\u00f6 under stora delar av vintern, s\u00e5 jag skulle slippa vinterf\u00f6ret. Men, det visade sig vara sv\u00e5rt.<\/p>\n\n\n\n<p>Vi bor i ett radhus. Tillsammans i l\u00e4ngan sk\u00f6ter vi om sn\u00f6skottning och sandning p\u00e5 vintern. Detta beh\u00f6vde vi fortfarande g\u00f6ra. Dessutom har det vissa \u00e5r varit s\u00e5 mycket sn\u00f6 att b\u00e5de radhustak och carporttak beh\u00f6vde skottas av. Detta var vi som radhus\u00e4gare skyldiga att sk\u00f6ta. Denna uppgift visste man aldrig n\u00e4r den kunde dyka upp.<\/p>\n\n\n\n<p>D\u00e4rf\u00f6r hamnade vi i dilemmat. Skulle vi vara ansvarsfulla och solidariska i v\u00e5rt radhusomr\u00e5de eller l\u00e5ta mig f\u00e5 b\u00e4ttre underlag att g\u00e5 p\u00e5.<\/p>\n\n\n\n<p>Det blev det ansvarsfulla vi valde.&nbsp;<\/p>\n\n\n\n<p>Men vi var b\u00e5da bekymrade. Det h\u00e4r fungerade inte bra. Vi var ju fortfarande i Ume\u00e5 med sn\u00f6 och is p\u00e5 gatorna under stora delar av vintern. Vi b\u00f6rjade fundera p\u00e5 om vi skulle k\u00f6pa en l\u00e4genhet i Ume\u00e5 i st\u00e4llet f\u00f6r radhuset. Men vi gillade ju radhuset s\u00e5 mycket och grannarna. Vi pratade, men kom inte l\u00e4ngre f\u00f6rr\u00e4n det under den senaste vintern kom till sin spets.<\/p>\n\n\n\n<p>Bosse fick extra bekymmer med sin artros. Varje spadtag gjorde ont i lederna och v\u00e4rkte flera dagar efter.<\/p>\n\n\n\n<p>D\u00e5 f\u00f6rstod vi att vi m\u00e5ste l\u00e4mna radhuset. V\u00e5rt fina \u00e4lskade radhus.<\/p>\n\n\n\n<p>Men vilka val hade vi d\u00e5? Forts\u00e4ttning f\u00f6ljer:<\/p>\n\n\n\n<p><strong>Dagens fr\u00e5g<\/strong>a:<\/p>\n\n\n\n<p>Gillar du vinter och sn\u00f6? Eller f\u00f6redrar du sommar och gr\u00f6nskan?<\/p>\n\n\n\n<p><strong>K<em>ommentera g\u00e4rna<\/em><\/strong><em>,<strong> j\u00e4tteroligt om du l\u00e4mnar en kommentar.<\/strong><\/em><strong> <\/strong><br><em>Tyv\u00e4rr f\u00e5r du inget mail n\u00e4r n\u00e5gon skriver svar p\u00e5 din kommentar, utan du m\u00e5ste komma tillbaka sj\u00e4lv till bloggen och kolla<\/em> <em>om<\/em> <em>n\u00e5gon svarat p\u00e5 din kommentar.<\/em><\/p>\n\n\n\n<p><br><strong>V<em>ill du veta n\u00e4r n\u00e4sta blogginl\u00e4gg kommer<\/em><\/strong><em>.<\/em> <a href=\"https:\/\/www.sehlberg.net\/ulla-undrar\/prenumerera\/\">Anm\u00e4l dig h\u00e4r!<\/a><\/p>\n","protected":false},"excerpt":{"rendered":"<p>Vi s\u00e5lde stugan snabbare \u00e4n vi trodde varit m\u00f6jligt. Stug\u00e4garna var \u00f6verlyckliga, vi var mycket n\u00f6jda och m\u00e4klaren log. I oktober f\u00f6r 1,5 \u00e5r sedan \u00f6verl\u00e4mnade vi nycklarna till de nya \u00e4garna. Har du n\u00e5gon g\u00e5ng s\u00e5lt en fastighet och f\u00e5tt en present av de nya \u00e4garna? Inte s\u00e5 vanligt, men det fick vi. Vi [&hellip;]<\/p>\n","protected":false},"author":2,"featured_media":1536,"comment_status":"open","ping_status":"open","sticky":false,"template":"","format":"standard","meta":{"footnotes":""},"categories":[21],"tags":[],"class_list":["post-1535","post","type-post","status-publish","format-standard","has-post-thumbnail","hentry","category-flytt"],"_links":{"self":[{"href":"https:\/\/www.sehlberg.net\/ulla-undrar\/wp-json\/wp\/v2\/posts\/1535","targetHints":{"allow":["GET"]}}],"collection":[{"href":"https:\/\/www.sehlberg.net\/ulla-undrar\/wp-json\/wp\/v2\/posts"}],"about":[{"href":"https:\/\/www.sehlberg.net\/ulla-undrar\/wp-json\/wp\/v2\/types\/post"}],"author":[{"embeddable":true,"href":"https:\/\/www.sehlberg.net\/ulla-undrar\/wp-json\/wp\/v2\/users\/2"}],"replies":[{"embeddable":true,"href":"https:\/\/www.sehlberg.net\/ulla-undrar\/wp-json\/wp\/v2\/comments?post=1535"}],"version-history":[{"count":8,"href":"https:\/\/www.sehlberg.net\/ulla-undrar\/wp-json\/wp\/v2\/posts\/1535\/revisions"}],"predecessor-version":[{"id":1578,"href":"https:\/\/www.sehlberg.net\/ulla-undrar\/wp-json\/wp\/v2\/posts\/1535\/revisions\/1578"}],"wp:featuredmedia":[{"embeddable":true,"href":"https:\/\/www.sehlberg.net\/ulla-undrar\/wp-json\/wp\/v2\/media\/1536"}],"wp:attachment":[{"href":"https:\/\/www.sehlberg.net\/ulla-undrar\/wp-json\/wp\/v2\/media?parent=1535"}],"wp:term":[{"taxonomy":"category","embeddable":true,"href":"https:\/\/www.sehlberg.net\/ulla-undrar\/wp-json\/wp\/v2\/categories?post=1535"},{"taxonomy":"post_tag","embeddable":true,"href":"https:\/\/www.sehlberg.net\/ulla-undrar\/wp-json\/wp\/v2\/tags?post=1535"}],"curies":[{"name":"wp","href":"https:\/\/api.w.org\/{rel}","templated":true}]}}