{"id":1533,"date":"2025-05-23T12:30:56","date_gmt":"2025-05-23T10:30:56","guid":{"rendered":"https:\/\/www.sehlberg.net\/ulla-undrar\/?p=1533"},"modified":"2025-05-23T12:30:56","modified_gmt":"2025-05-23T10:30:56","slug":"flytt-del-1-varfor","status":"publish","type":"post","link":"https:\/\/www.sehlberg.net\/ulla-undrar\/flytt-del-1-varfor\/","title":{"rendered":"Flytt \u2013 del 1 &#8211; Varf\u00f6r"},"content":{"rendered":"\n<p>Jag kommer att ber\u00e4tta h\u00e4r i bloggen lite mer om v\u00e5r flytt. Det handlar allts\u00e5 om att vi ska flytta till Malm\u00f6 fr\u00e5n Ume\u00e5. F\u00f6rst ber\u00e4ttar jag om varf\u00f6r vi best\u00e4mt oss att g\u00f6ra det. Sedan kommer allt praktiskt som ska fixas. Men \u00e4ven v\u00e5ra tankar om detta. Men vi b\u00f6rjar fr\u00e5n b\u00f6rjan med VARF\u00d6R.<\/p>\n\n\n\n<p>Det hela b\u00f6rjade en dag vi var i stugan i Sike\u00e5. Denna vackra stuga med havsutsikt. En stuga utan mygg eller annat el\u00e4nde. En stuga med b\u00e5de bl\u00e5b\u00e4r och lingon p\u00e5 tomten. Men trots detta hade det blivit f\u00e5 dagar vi tillbringat d\u00e4r denna sommar. Hela tiden var det annat som pockade p\u00e5 v\u00e5r uppm\u00e4rksamhet. Det var barn och barnbarn, det var sl\u00e4ktingar och v\u00e4nner, det var andra utflykter och upplevelser. Roliga saker som gav merv\u00e4rde. Underbart \u00e4r kort eller \u00e5tminstone sommaren \u00e4r kort. <\/p>\n\n\n\n<p>Men nu n\u00e4rmade sig h\u00f6sten och jag gruvade mig f\u00f6r \u00e4nnu en vinter.<\/p>\n\n\n\n<p>Varf\u00f6r?<\/p>\n\n\n\n<p>Visserligen \u00e4lskar jag inte kyla och m\u00f6rker, men det var inte det som gjorde att jag gruvade mig. <\/p>\n\n\n\n<p>D\u00e5 jag sedan n\u00e5gra \u00e5r tillbaka drabbats av droppfot hade jag problem att g\u00e5 p\u00e5 oj\u00e4mn mark. Jag har skaffat olika st\u00f6d som hj\u00e4lp, men de var sv\u00e5ra att anv\u00e4nda p\u00e5 vintern.&nbsp;&nbsp;Detta har inneburit att oj\u00e4mn mark, som tex n\u00e4r det \u00e4r sn\u00f6 och isigt ute, har gjort det sv\u00e5rare f\u00f6r mig att vara ute och g\u00e5. Efter ett par fall har jag \u00e4ven blivit r\u00e4dd att g\u00e5 ut och r\u00f6ra p\u00e5 mig. Falleri, falleralla som man brukar s\u00e4ga!<\/p>\n\n\n\n<p>Utanf\u00f6r Malm\u00f6 har vi v\u00e5r \u00e4lskade dotter Emma med sin familj, med man och tre fantastiska barn. Barnen g\u00e5r i f\u00f6rskola och skola i Malm\u00f6, vilket \u00e4r cirka en mils bilv\u00e4g. Ingen av dessa f\u00e5r skolskjuts, d\u00e5 det \u00e4r en friskola. Men d\u00e5 \u00e4ldsta dotterns b\u00f6rjade d\u00e4r d\u00e5 de bodde granne med skolan och trivdes mycket bra d\u00e4r, ville de inte byta till n\u00e5gon annan skola.<\/p>\n\n\n\n<p>Men med oj\u00e4mna arbetstider har det inte alltid varit s\u00e5 enkelt med skjutsen. Dessutom blir barn sjuka ibland och s\u00e5nt h\u00e4nder \u00e4ven i Sk\u00e5ne. Faktiskt. Tv\u00e5 av barnen fick dessutom \u00e5ka in p\u00e5 sjukhus med j\u00e4mna mellanrum, ibland till Lund och ibland till Malm\u00f6. Att pussla ihop detta blev inte l\u00e4tt f\u00f6r dem. Visserligen gillar min dotter tusenbitars pussel, men familjepussel \u00e4r m\u00e5nga g\u00e5nger sv\u00e5rare. Men de \u00e4r en glad och lycklig familj och trots detta f\u00f6rstod vi att de kunde beh\u00f6va lite hj\u00e4lp ibland, Vi h\u00f6rde hur slitna f\u00f6r\u00e4ldrarna b\u00f6rjade vara. <\/p>\n\n\n\n<p>Vad kunde vi g\u00f6ra? Vi s\u00e5g oss om i v\u00e5r \u00e4lskade stuga som klagade att vi gav den alldeles f\u00f6r lite uppm\u00e4rksamhet. Kanske var det dags att l\u00e5ta n\u00e5gon annan njuta av den vackra utsikten. kanske n\u00e5gon som kunde vara d\u00e4r fler dagar \u00e4n vi lyckats med de senaste \u00e5ren. Sagt och gjort. Fr\u00e5n tanke till handling \u00e4r det aldrig l\u00e5ngt hos oss. Vi skulle s\u00e4lja stugan. F\u00f6r de pengar vi fick in skulle vi k\u00f6pa en liten \u00f6vernattningsl\u00e4genhet i Malm\u00f6, f\u00f6r att kunna vara l\u00e4ngre perioder i Malm\u00f6.<\/p>\n\n\n\n<p>L\u00e4s g\u00e4rna mitt gamla blogginl\u00e4gg om att l\u00e4ra k\u00e4nna en ny stad. D\u00e4r st\u00e5r det lite om v\u00e5r f\u00f6rsta tid i Malm\u00f6.<\/p>\n\n\n\n<p>S\u00e5 b\u00f6rjade det. Men forts\u00e4ttning om flytten forts\u00e4tter. Skriv g\u00e4rna upp dig h\u00e4r nedan, s\u00e5 f\u00e5r du veta n\u00e4r n\u00e4sta blogginl\u00e4gg kommer.<\/p>\n\n\n\n<p><strong>Dagens fr\u00e5g<\/strong>a:<\/p>\n\n\n\n<p>Har du bes\u00f6kt Malm\u00f6 n\u00e5gon g\u00e5ng?<\/p>\n\n\n\n<p><strong>K<em>ommentera g\u00e4rna<\/em><\/strong><em>,<strong> j\u00e4tteroligt om du l\u00e4mnar en kommentar.<\/strong><\/em><strong> <\/strong><br><em>Tyv\u00e4rr f\u00e5r du inget mail n\u00e4r n\u00e5gon skriver svar p\u00e5 din kommentar, utan du m\u00e5ste komma tillbaka sj\u00e4lv till bloggen och kolla<\/em> <em>om<\/em> <em>n\u00e5gon svarat p\u00e5 din kommentar.<\/em><\/p>\n\n\n\n<p><br><strong>V<em>ill du veta n\u00e4r n\u00e4sta blogginl\u00e4gg kommer<\/em><\/strong><em>.<\/em> <a href=\"https:\/\/www.sehlberg.net\/ulla-undrar\/prenumerera\/\">Anm\u00e4l dig h\u00e4r!<\/a><\/p>\n","protected":false},"excerpt":{"rendered":"<p>Jag kommer att ber\u00e4tta h\u00e4r i bloggen lite mer om v\u00e5r flytt. Det handlar allts\u00e5 om att vi ska flytta till Malm\u00f6 fr\u00e5n Ume\u00e5. F\u00f6rst ber\u00e4ttar jag om varf\u00f6r vi best\u00e4mt oss att g\u00f6ra det. Sedan kommer allt praktiskt som ska fixas. Men \u00e4ven v\u00e5ra tankar om detta. Men vi b\u00f6rjar fr\u00e5n b\u00f6rjan med VARF\u00d6R. [&hellip;]<\/p>\n","protected":false},"author":2,"featured_media":1551,"comment_status":"open","ping_status":"open","sticky":false,"template":"","format":"standard","meta":{"footnotes":""},"categories":[21],"tags":[],"class_list":["post-1533","post","type-post","status-publish","format-standard","has-post-thumbnail","hentry","category-flytt"],"_links":{"self":[{"href":"https:\/\/www.sehlberg.net\/ulla-undrar\/wp-json\/wp\/v2\/posts\/1533","targetHints":{"allow":["GET"]}}],"collection":[{"href":"https:\/\/www.sehlberg.net\/ulla-undrar\/wp-json\/wp\/v2\/posts"}],"about":[{"href":"https:\/\/www.sehlberg.net\/ulla-undrar\/wp-json\/wp\/v2\/types\/post"}],"author":[{"embeddable":true,"href":"https:\/\/www.sehlberg.net\/ulla-undrar\/wp-json\/wp\/v2\/users\/2"}],"replies":[{"embeddable":true,"href":"https:\/\/www.sehlberg.net\/ulla-undrar\/wp-json\/wp\/v2\/comments?post=1533"}],"version-history":[{"count":6,"href":"https:\/\/www.sehlberg.net\/ulla-undrar\/wp-json\/wp\/v2\/posts\/1533\/revisions"}],"predecessor-version":[{"id":1552,"href":"https:\/\/www.sehlberg.net\/ulla-undrar\/wp-json\/wp\/v2\/posts\/1533\/revisions\/1552"}],"wp:featuredmedia":[{"embeddable":true,"href":"https:\/\/www.sehlberg.net\/ulla-undrar\/wp-json\/wp\/v2\/media\/1551"}],"wp:attachment":[{"href":"https:\/\/www.sehlberg.net\/ulla-undrar\/wp-json\/wp\/v2\/media?parent=1533"}],"wp:term":[{"taxonomy":"category","embeddable":true,"href":"https:\/\/www.sehlberg.net\/ulla-undrar\/wp-json\/wp\/v2\/categories?post=1533"},{"taxonomy":"post_tag","embeddable":true,"href":"https:\/\/www.sehlberg.net\/ulla-undrar\/wp-json\/wp\/v2\/tags?post=1533"}],"curies":[{"name":"wp","href":"https:\/\/api.w.org\/{rel}","templated":true}]}}