{"id":1463,"date":"2025-02-04T11:03:43","date_gmt":"2025-02-04T10:03:43","guid":{"rendered":"https:\/\/www.sehlberg.net\/ulla-undrar\/?p=1463"},"modified":"2025-02-04T11:03:44","modified_gmt":"2025-02-04T10:03:44","slug":"superkraft","status":"publish","type":"post","link":"https:\/\/www.sehlberg.net\/ulla-undrar\/superkraft\/","title":{"rendered":"Superkraft"},"content":{"rendered":"\n<p>F\u00e5r man kalla sig f\u00f6rfattare fast inget bokf\u00f6rlag \u00e4r intresserade? F\u00f6r att bli medlem i Svenska f\u00f6rfattarf\u00f6rbundet ska man ha tv\u00e5 utgivna verk.<\/p>\n\n\n\n<p>Jag har skrivit fem romanmanus f\u00f6r vuxna, ett antal noveller och ett antal manus f\u00f6r barn. Men inget \u00e4r utgivet. Jag \u00e4r enligt Svenska f\u00f6rfattarf\u00f6rbundet ingen f\u00f6rfattare. Men jag \u00e4r en skrivande person. Jag \u00e4lskar att hitta p\u00e5 historier. Jag hittade ett flertal id\u00e9er som ligger och skvalpar, f\u00f6rutom de fem. Fantasi \u00e4r min superkraft.<br>Jag tror alla har en superkraft. En kraft d\u00e4r du trivs. Kanske inte n\u00e5got du \u00e4r b\u00e4st p\u00e5, men d\u00e4r du k\u00e4nner dig hemma. <\/p>\n\n\n\n<p>H\u00e4r kommer ett stycke fr\u00e5n \u201dFABRIKEN\u201d, en id\u00e9 jag hade och d\u00e4r jag skrivit ett kort synopsis. Jag skrev sedan n\u00e5gra sidor i b\u00f6rjan. Men sedan blev den liggande.&nbsp;<\/p>\n\n\n\n<p><em>Bygatan slingrade sig mellan de gula och r\u00f6da husen. Husen var alla byggda p\u00e5 60-talet och hade k\u00e4llare. Runt husen var en h\u00e4ck eller ett staket. Mitt i byn fanns konsum, OK och Westers butik. Westers butik var ett undantag f\u00f6r byn. Butiken var m\u00e5lad gr\u00f6n och hade ingen k\u00e4llare, men var ett tv\u00e5v\u00e5ningshus med balkong. I de stora skyltf\u00f6nstren visades kl\u00e4der i det ena f\u00f6nstret och olika verktyg och maskiner i det andra. Westers var en kombinerad kl\u00e4des- och j\u00e4rnaff\u00e4r. Owe Wester och Elsa Wester var inflyttade till byn under 70-talet. De hade varit hippies under 60-talet och var vana att folk tittade och undrade, s\u00e5 de fortsatte att g\u00e5 sin egen v\u00e4g \u00e4ven n\u00e4r det kom till byn Vinter\u00e4ng. Byn d\u00e4r alla hade samma hus, d\u00e4r alla jobbade p\u00e5 fabriken och d\u00e4r alla gjorde som alla andra.<\/em><\/p>\n\n\n\n<p><strong>Dagens fr\u00e5gor<\/strong><\/p>\n\n\n\n<p>Vilken \u00e4r din superkraft?<br>Vilka projekt har du liggande?<\/p>\n\n\n\n<p><\/p>\n\n\n\n<p><strong>K<em>ommentera g\u00e4rna<\/em><\/strong><em>,<strong> j\u00e4tteroligt om du l\u00e4mnar en kommentar.<\/strong><\/em><strong> <\/strong><br><em>Tyv\u00e4rr f\u00e5r du inget mail n\u00e4r n\u00e5gon skriver svar p\u00e5 din kommentar, utan du m\u00e5ste komma tillbaka sj\u00e4lv till bloggen och kolla<\/em> <em>om<\/em> <em>n\u00e5gon svarat p\u00e5 din kommentar.<\/em><\/p>\n\n\n\n<p><br><strong>V<em>ill du veta n\u00e4r n\u00e4sta blogginl\u00e4gg kommer<\/em><\/strong><em>.<\/em> <a href=\"https:\/\/www.sehlberg.net\/ulla-undrar\/prenumerera\/\">Anm\u00e4l dig h\u00e4r!<\/a><\/p>\n","protected":false},"excerpt":{"rendered":"<p>F\u00e5r man kalla sig f\u00f6rfattare fast inget bokf\u00f6rlag \u00e4r intresserade? F\u00f6r att bli medlem i Svenska f\u00f6rfattarf\u00f6rbundet ska man ha tv\u00e5 utgivna verk. Jag har skrivit fem romanmanus f\u00f6r vuxna, ett antal noveller och ett antal manus f\u00f6r barn. Men inget \u00e4r utgivet. Jag \u00e4r enligt Svenska f\u00f6rfattarf\u00f6rbundet ingen f\u00f6rfattare. Men jag \u00e4r en skrivande [&hellip;]<\/p>\n","protected":false},"author":2,"featured_media":481,"comment_status":"open","ping_status":"open","sticky":false,"template":"","format":"standard","meta":{"footnotes":""},"categories":[16],"tags":[],"class_list":["post-1463","post","type-post","status-publish","format-standard","has-post-thumbnail","hentry","category-forfattande"],"_links":{"self":[{"href":"https:\/\/www.sehlberg.net\/ulla-undrar\/wp-json\/wp\/v2\/posts\/1463","targetHints":{"allow":["GET"]}}],"collection":[{"href":"https:\/\/www.sehlberg.net\/ulla-undrar\/wp-json\/wp\/v2\/posts"}],"about":[{"href":"https:\/\/www.sehlberg.net\/ulla-undrar\/wp-json\/wp\/v2\/types\/post"}],"author":[{"embeddable":true,"href":"https:\/\/www.sehlberg.net\/ulla-undrar\/wp-json\/wp\/v2\/users\/2"}],"replies":[{"embeddable":true,"href":"https:\/\/www.sehlberg.net\/ulla-undrar\/wp-json\/wp\/v2\/comments?post=1463"}],"version-history":[{"count":5,"href":"https:\/\/www.sehlberg.net\/ulla-undrar\/wp-json\/wp\/v2\/posts\/1463\/revisions"}],"predecessor-version":[{"id":1492,"href":"https:\/\/www.sehlberg.net\/ulla-undrar\/wp-json\/wp\/v2\/posts\/1463\/revisions\/1492"}],"wp:featuredmedia":[{"embeddable":true,"href":"https:\/\/www.sehlberg.net\/ulla-undrar\/wp-json\/wp\/v2\/media\/481"}],"wp:attachment":[{"href":"https:\/\/www.sehlberg.net\/ulla-undrar\/wp-json\/wp\/v2\/media?parent=1463"}],"wp:term":[{"taxonomy":"category","embeddable":true,"href":"https:\/\/www.sehlberg.net\/ulla-undrar\/wp-json\/wp\/v2\/categories?post=1463"},{"taxonomy":"post_tag","embeddable":true,"href":"https:\/\/www.sehlberg.net\/ulla-undrar\/wp-json\/wp\/v2\/tags?post=1463"}],"curies":[{"name":"wp","href":"https:\/\/api.w.org\/{rel}","templated":true}]}}