{"id":1455,"date":"2025-01-29T09:46:30","date_gmt":"2025-01-29T08:46:30","guid":{"rendered":"https:\/\/www.sehlberg.net\/ulla-undrar\/?p=1455"},"modified":"2025-01-29T09:50:41","modified_gmt":"2025-01-29T08:50:41","slug":"bibliotekarien-2","status":"publish","type":"post","link":"https:\/\/www.sehlberg.net\/ulla-undrar\/bibliotekarien-2\/","title":{"rendered":"Bibliotekarien"},"content":{"rendered":"\n<p>F\u00f6re jul gjorde jag sista arbetet med boken med arbetsnamnet \u201dBibliotekarien\u201d. Sedan skulle jag bara spara den som f\u00e4rdigversion och skicka den till en sista testl\u00e4sning. Men min redigerade version var borta. Har aldrig h\u00e4nt mig tidigare, men den fanns inte. Dessutom kraschade min dator strax efter, helt och h\u00e5llet, s\u00e5 det var bara att k\u00f6pa en ny dator. Som tur var har jag s\u00e4kerhetskopia p\u00e5 allt, utom den f\u00f6rlorade filen.<\/p>\n\n\n\n<p>I veckan har jag gjort om den sista redigeringen f\u00f6r genoml\u00e4sning.<\/p>\n\n\n\n<p>Jag brukar d\u00e4refter anlita en lekt\u00f6r. Men det har jag gjort ett flertal g\u00e5nger och mest blivit ledsen och arg. Det \u00e4r dyra pengar f\u00f6r detta, s\u00e5 just nu lutar jag \u00e5t att skippa det steget.<br>Men jag vet att det finns bra lekt\u00f6rer och att de kan hj\u00e4lpa mig till utgivning. Men vem? <br><\/p>\n\n\n\n<p>Som det verkar nappar \u00e4nd\u00e5 inte bokf\u00f6rlagen p\u00e5 mina manus.\u00a0Jag klagar och gn\u00e4ller lite. Jag vet. <br>Jag l\u00e4ser en bok om skrivande just nu. D\u00e4r st\u00e5r det att man ska tro p\u00e5 sig sj\u00e4lv och sina dr\u00f6mmar. Det g\u00f6r jag f\u00f6r det mesta, tills jag f\u00e5tt tio nej fr\u00e5n bokf\u00f6rlagen. D\u00e5 \u00e4r det sv\u00e5rt. <br>Men trots allt s\u00e5 slutar jag inte att skriva.<\/p>\n\n\n\n<p>Vi f\u00e5r se hur jag g\u00e5r vidare med bibliotekarien.&nbsp;<\/p>\n\n\n\n<p><strong>Dagens fr\u00e5gor:<\/strong><\/p>\n\n\n\n<p>Vilken bok l\u00e4ser du nu?<br>Har du tips p\u00e5 en riktigt bra lekt\u00f6r? Som ger mig energi.<\/p>\n\n\n\n<p><strong>K<em>ommentera g\u00e4rna<\/em><\/strong><em>,<strong> j\u00e4tteroligt om du l\u00e4mnar en kommentar.<\/strong><\/em><strong> <\/strong><br><em>Tyv\u00e4rr f\u00e5r du inget mail n\u00e4r n\u00e5gon skriver svar p\u00e5 din kommentar, utan du m\u00e5ste komma tillbaka sj\u00e4lv till bloggen och kolla<\/em> <em>om<\/em> <em>n\u00e5gon svarat p\u00e5 din kommentar.<\/em><\/p>\n\n\n\n<p><br><strong>V<em>ill du veta n\u00e4r n\u00e4sta blogginl\u00e4gg kommer<\/em><\/strong><em>.<\/em> <a href=\"https:\/\/www.sehlberg.net\/ulla-undrar\/prenumerera\/\">Anm\u00e4l dig h\u00e4r!<\/a><\/p>\n","protected":false},"excerpt":{"rendered":"<p>F\u00f6re jul gjorde jag sista arbetet med boken med arbetsnamnet \u201dBibliotekarien\u201d. Sedan skulle jag bara spara den som f\u00e4rdigversion och skicka den till en sista testl\u00e4sning. Men min redigerade version var borta. Har aldrig h\u00e4nt mig tidigare, men den fanns inte. Dessutom kraschade min dator strax efter, helt och h\u00e5llet, s\u00e5 det var bara att [&hellip;]<\/p>\n","protected":false},"author":2,"featured_media":606,"comment_status":"open","ping_status":"open","sticky":false,"template":"","format":"standard","meta":{"footnotes":""},"categories":[16],"tags":[],"class_list":["post-1455","post","type-post","status-publish","format-standard","has-post-thumbnail","hentry","category-forfattande"],"_links":{"self":[{"href":"https:\/\/www.sehlberg.net\/ulla-undrar\/wp-json\/wp\/v2\/posts\/1455","targetHints":{"allow":["GET"]}}],"collection":[{"href":"https:\/\/www.sehlberg.net\/ulla-undrar\/wp-json\/wp\/v2\/posts"}],"about":[{"href":"https:\/\/www.sehlberg.net\/ulla-undrar\/wp-json\/wp\/v2\/types\/post"}],"author":[{"embeddable":true,"href":"https:\/\/www.sehlberg.net\/ulla-undrar\/wp-json\/wp\/v2\/users\/2"}],"replies":[{"embeddable":true,"href":"https:\/\/www.sehlberg.net\/ulla-undrar\/wp-json\/wp\/v2\/comments?post=1455"}],"version-history":[{"count":5,"href":"https:\/\/www.sehlberg.net\/ulla-undrar\/wp-json\/wp\/v2\/posts\/1455\/revisions"}],"predecessor-version":[{"id":1487,"href":"https:\/\/www.sehlberg.net\/ulla-undrar\/wp-json\/wp\/v2\/posts\/1455\/revisions\/1487"}],"wp:featuredmedia":[{"embeddable":true,"href":"https:\/\/www.sehlberg.net\/ulla-undrar\/wp-json\/wp\/v2\/media\/606"}],"wp:attachment":[{"href":"https:\/\/www.sehlberg.net\/ulla-undrar\/wp-json\/wp\/v2\/media?parent=1455"}],"wp:term":[{"taxonomy":"category","embeddable":true,"href":"https:\/\/www.sehlberg.net\/ulla-undrar\/wp-json\/wp\/v2\/categories?post=1455"},{"taxonomy":"post_tag","embeddable":true,"href":"https:\/\/www.sehlberg.net\/ulla-undrar\/wp-json\/wp\/v2\/tags?post=1455"}],"curies":[{"name":"wp","href":"https:\/\/api.w.org\/{rel}","templated":true}]}}