{"id":1450,"date":"2025-06-05T10:30:22","date_gmt":"2025-06-05T08:30:22","guid":{"rendered":"https:\/\/www.sehlberg.net\/ulla-undrar\/?p=1450"},"modified":"2025-06-05T10:30:22","modified_gmt":"2025-06-05T08:30:22","slug":"att-kopa-en-ko","status":"publish","type":"post","link":"https:\/\/www.sehlberg.net\/ulla-undrar\/att-kopa-en-ko\/","title":{"rendered":"Att k\u00f6pa en ko"},"content":{"rendered":"\n<p>En liten paus fr\u00e5n flytten. H\u00e4r kommer ett blogginl\u00e4gg om n\u00e5got helt annat.<\/p>\n\n\n\n<p>Vi funderade ett tag att \u00e5ka till Italien. Det finns s\u00e5 m\u00e5nga fina st\u00e4llen, gamla st\u00e4der, fina sj\u00f6ar och vackra sandstr\u00e4nder. Sen \u00e4r ju maten v\u00e4ldigt god. <\/p>\n\n\n\n<p>Tyv\u00e4rr kan ingen av oss spr\u00e5ket (fast jag kan r\u00e4kna till tio p\u00e5 italienska). Jag funderade d\u00e5 hur det skulle funka med att s\u00e4ga en mening och sedan f\u00e5r Google translation f\u00e5 \u00f6vers\u00e4tta det och s\u00e4ga det.<\/p>\n\n\n\n<p>S\u00e5 jag st\u00e4llde in google translate p\u00e5 Italienska och sedan skulle jag s\u00e4ga en mening som google skulle s\u00e4ga p\u00e5 italienska. Men vad skulle jag s\u00e4ga? <\/p>\n\n\n\n<p>Vad \u00e4r det f\u00f6rsta som kommer i min hj\u00e4rna? Ja, kanske inte det som man oftast beh\u00f6ver n\u00e4r man reser i Italien.<\/p>\n\n\n\n<p class=\"has-large-font-size\">\u201d Voglio comprare una mucca\u201d&nbsp;<\/p>\n\n\n\n<p>Denna mening kan vara bra att k\u00e4nna till om du vill k\u00f6pa en ko. F\u00f6r det f\u00f6rsta som kom fr\u00e5n min mun var: \u201dJag vill k\u00f6pa en ko!\u201d<\/p>\n\n\n\n<p class=\"has-medium-font-size\"><strong>Dagens fr\u00e5g<\/strong>or<\/p>\n\n\n\n<p>Har du funderat \u00f6ver att k\u00f6pa en ko?<br>Eller har du l\u00e5tit google prata \u00e5t dig n\u00e5gon g\u00e5ng?<br><\/p>\n\n\n\n<p><\/p>\n\n\n\n<p class=\"has-small-font-size\"><strong>K<em>ommentera g\u00e4rna<\/em><\/strong><em>,<strong> j\u00e4tteroligt om du l\u00e4mnar en kommentar.<\/strong><\/em><strong> <\/strong><br><em>Tyv\u00e4rr f\u00e5r du inget mail n\u00e4r n\u00e5gon skriver svar p\u00e5 din kommentar, utan du m\u00e5ste komma tillbaka sj\u00e4lv till bloggen och kolla<\/em> <em>om<\/em> <em>n\u00e5gon svarat p\u00e5 din kommentar.<\/em><\/p>\n\n\n\n<p><br><strong>V<em>ill du veta n\u00e4r n\u00e4sta blogginl\u00e4gg kommer<\/em><\/strong><em>.<\/em> <a href=\"https:\/\/www.sehlberg.net\/ulla-undrar\/prenumerera\/\">Anm\u00e4l dig h\u00e4r!<\/a><\/p>\n","protected":false},"excerpt":{"rendered":"<p>En liten paus fr\u00e5n flytten. H\u00e4r kommer ett blogginl\u00e4gg om n\u00e5got helt annat. Vi funderade ett tag att \u00e5ka till Italien. Det finns s\u00e5 m\u00e5nga fina st\u00e4llen, gamla st\u00e4der, fina sj\u00f6ar och vackra sandstr\u00e4nder. Sen \u00e4r ju maten v\u00e4ldigt god. Tyv\u00e4rr kan ingen av oss spr\u00e5ket (fast jag kan r\u00e4kna till tio p\u00e5 italienska). Jag [&hellip;]<\/p>\n","protected":false},"author":2,"featured_media":1472,"comment_status":"open","ping_status":"open","sticky":false,"template":"","format":"standard","meta":{"footnotes":""},"categories":[17],"tags":[],"class_list":["post-1450","post","type-post","status-publish","format-standard","has-post-thumbnail","hentry","category-resor"],"_links":{"self":[{"href":"https:\/\/www.sehlberg.net\/ulla-undrar\/wp-json\/wp\/v2\/posts\/1450","targetHints":{"allow":["GET"]}}],"collection":[{"href":"https:\/\/www.sehlberg.net\/ulla-undrar\/wp-json\/wp\/v2\/posts"}],"about":[{"href":"https:\/\/www.sehlberg.net\/ulla-undrar\/wp-json\/wp\/v2\/types\/post"}],"author":[{"embeddable":true,"href":"https:\/\/www.sehlberg.net\/ulla-undrar\/wp-json\/wp\/v2\/users\/2"}],"replies":[{"embeddable":true,"href":"https:\/\/www.sehlberg.net\/ulla-undrar\/wp-json\/wp\/v2\/comments?post=1450"}],"version-history":[{"count":5,"href":"https:\/\/www.sehlberg.net\/ulla-undrar\/wp-json\/wp\/v2\/posts\/1450\/revisions"}],"predecessor-version":[{"id":1591,"href":"https:\/\/www.sehlberg.net\/ulla-undrar\/wp-json\/wp\/v2\/posts\/1450\/revisions\/1591"}],"wp:featuredmedia":[{"embeddable":true,"href":"https:\/\/www.sehlberg.net\/ulla-undrar\/wp-json\/wp\/v2\/media\/1472"}],"wp:attachment":[{"href":"https:\/\/www.sehlberg.net\/ulla-undrar\/wp-json\/wp\/v2\/media?parent=1450"}],"wp:term":[{"taxonomy":"category","embeddable":true,"href":"https:\/\/www.sehlberg.net\/ulla-undrar\/wp-json\/wp\/v2\/categories?post=1450"},{"taxonomy":"post_tag","embeddable":true,"href":"https:\/\/www.sehlberg.net\/ulla-undrar\/wp-json\/wp\/v2\/tags?post=1450"}],"curies":[{"name":"wp","href":"https:\/\/api.w.org\/{rel}","templated":true}]}}