{"id":1447,"date":"2025-01-13T16:29:58","date_gmt":"2025-01-13T15:29:58","guid":{"rendered":"https:\/\/www.sehlberg.net\/ulla-undrar\/?p=1447"},"modified":"2025-01-13T17:10:22","modified_gmt":"2025-01-13T16:10:22","slug":"det-nya-aret","status":"publish","type":"post","link":"https:\/\/www.sehlberg.net\/ulla-undrar\/det-nya-aret\/","title":{"rendered":"Det nya \u00e5ret"},"content":{"rendered":"\n<p>S\u00e5 var det ett nytt \u00e5r igen. Vi gav inga ny\u00e5rsl\u00f6ften i \u00e5r. Men varje nytt \u00e5r, varje ny termin f\u00e5r jag en l\u00e4ngtan att planera n\u00e5got l\u00e5ngsiktigt. Men \u00e4ven det gick jag bet p\u00e5.<\/p>\n\n\n\n<p>Men vad jag b\u00f6rjat fundera p\u00e5 bland annat f\u00f6ljande fr\u00e5gor?<\/p>\n\n\n\n<ol class=\"wp-block-list\">\n<li>Vem \u00e4r det jag skulle vilja tr\u00e4ffa snart?<\/li>\n\n\n\n<li>Vilken ny bok ska jag skriva?<\/li>\n<\/ol>\n\n\n\n<p>Jag brukar boka luncher med v\u00e4nner med j\u00e4mna mellanrum. Tyv\u00e4rr har det blivit med lite f\u00f6r l\u00e5nga mellanrum, men \u00e4nd\u00e5.<\/p>\n\n\n\n<p>Nu i januari ska jag f\u00f6rs\u00f6ka boka in ett m\u00f6te med Agnetha. Vi har inte tr\u00e4ffats p\u00e5 ett \u00e5r, s\u00e5 det ska bli sp\u00e4nnande.<\/p>\n\n\n\n<p>Jag har de senaste dagarna gjort de sista arbetstimmarna p\u00e5 mitt manus med arbetsnamnet \u201dBibliotekarien\u201d, s\u00e5 nu f\u00e5r jag fantisera fram n\u00e5got nytt. Jag har fyra olika f\u00f6rslag. Tv\u00e5 gamla, ett halvnytt och ett alldeles nytt f\u00f6rslag.<\/p>\n\n\n\n<ol class=\"wp-block-list\">\n<li>De gamla \u00e4r ett manus med arbetsnamnet \u201dParaplymannen\u201d, d\u00e4r bland annat ett hotellrum i Lule\u00e5 spr\u00e4ngs.<\/li>\n\n\n\n<li>Det andra gamla har arbetsnamnet \u201dItalienska arvet\u201d som handlar om en teaterprimadona fr\u00e5n 1940\u201350 talet.<\/li>\n\n\n\n<li>Den halvnya har namnet \u201dRegnb\u00e5gen\u201d som handlar om en kvinna som n\u00e4stan blir misshandlad till d\u00f6ds. Hennes d\u00f6ttrar f\u00e5r veta mer om henne, som var helt ok\u00e4nt f\u00f6r dem.<\/li>\n\n\n\n<li>Den nya har inget namn men handlar om tv\u00e5 kvinnor (just nu kallas de f\u00f6r Marta och Maria). De \u00e4r v\u00e4ldigt olika som personer, men har arbetat p\u00e5 samma arbetsplats i m\u00e5nga \u00e5r. Det b\u00f6rjar med att de g\u00e5r i pension p\u00e5 samma dag. Deras framtidsdr\u00f6mmar ser helt olika ut. Men som s\u00e5 ofta med dr\u00f6mmar blir det inte alls som de t\u00e4nkt sig.<\/li>\n<\/ol>\n\n\n\n<p><strong>Dagens fr\u00e5ga (\u00e4r tv\u00e5)<\/strong><\/p>\n\n\n\n<ol class=\"wp-block-list\">\n<li>Vad har du f\u00f6r planer med det nya \u00e5ret?<\/li>\n\n\n\n<li>Vilken av de h\u00e4r fyra tycker du jag ska skriva?<\/li>\n<\/ol>\n\n\n\n<p><\/p>\n\n\n\n<p class=\"has-small-font-size\"><strong>K<em>ommentera g\u00e4rna<\/em><\/strong><em>,<strong> j\u00e4tteroligt om du l\u00e4mnar en kommentar.<\/strong><\/em><strong> <\/strong><br><em>Tyv\u00e4rr f\u00e5r du inget mail n\u00e4r n\u00e5gon skriver svar p\u00e5 din kommentar, utan du m\u00e5ste komma tillbaka sj\u00e4lv till bloggen och kolla<\/em> <em>om<\/em> <em>n\u00e5gon svarat p\u00e5 din kommentar.<\/em><\/p>\n\n\n\n<p><br><strong>V<em>ill du veta n\u00e4r n\u00e4sta blogginl\u00e4gg kommer<\/em><\/strong><em>.<\/em> <a href=\"https:\/\/www.sehlberg.net\/ulla-undrar\/prenumerera\/\">Anm\u00e4l dig h\u00e4r!<\/a><\/p>\n","protected":false},"excerpt":{"rendered":"<p>S\u00e5 var det ett nytt \u00e5r igen. Vi gav inga ny\u00e5rsl\u00f6ften i \u00e5r. Men varje nytt \u00e5r, varje ny termin f\u00e5r jag en l\u00e4ngtan att planera n\u00e5got l\u00e5ngsiktigt. Men \u00e4ven det gick jag bet p\u00e5. Men vad jag b\u00f6rjat fundera p\u00e5 bland annat f\u00f6ljande fr\u00e5gor? Jag brukar boka luncher med v\u00e4nner med j\u00e4mna mellanrum. Tyv\u00e4rr [&hellip;]<\/p>\n","protected":false},"author":2,"featured_media":1473,"comment_status":"open","ping_status":"open","sticky":false,"template":"","format":"standard","meta":{"footnotes":""},"categories":[7],"tags":[],"class_list":["post-1447","post","type-post","status-publish","format-standard","has-post-thumbnail","hentry","category-livet"],"_links":{"self":[{"href":"https:\/\/www.sehlberg.net\/ulla-undrar\/wp-json\/wp\/v2\/posts\/1447","targetHints":{"allow":["GET"]}}],"collection":[{"href":"https:\/\/www.sehlberg.net\/ulla-undrar\/wp-json\/wp\/v2\/posts"}],"about":[{"href":"https:\/\/www.sehlberg.net\/ulla-undrar\/wp-json\/wp\/v2\/types\/post"}],"author":[{"embeddable":true,"href":"https:\/\/www.sehlberg.net\/ulla-undrar\/wp-json\/wp\/v2\/users\/2"}],"replies":[{"embeddable":true,"href":"https:\/\/www.sehlberg.net\/ulla-undrar\/wp-json\/wp\/v2\/comments?post=1447"}],"version-history":[{"count":7,"href":"https:\/\/www.sehlberg.net\/ulla-undrar\/wp-json\/wp\/v2\/posts\/1447\/revisions"}],"predecessor-version":[{"id":1476,"href":"https:\/\/www.sehlberg.net\/ulla-undrar\/wp-json\/wp\/v2\/posts\/1447\/revisions\/1476"}],"wp:featuredmedia":[{"embeddable":true,"href":"https:\/\/www.sehlberg.net\/ulla-undrar\/wp-json\/wp\/v2\/media\/1473"}],"wp:attachment":[{"href":"https:\/\/www.sehlberg.net\/ulla-undrar\/wp-json\/wp\/v2\/media?parent=1447"}],"wp:term":[{"taxonomy":"category","embeddable":true,"href":"https:\/\/www.sehlberg.net\/ulla-undrar\/wp-json\/wp\/v2\/categories?post=1447"},{"taxonomy":"post_tag","embeddable":true,"href":"https:\/\/www.sehlberg.net\/ulla-undrar\/wp-json\/wp\/v2\/tags?post=1447"}],"curies":[{"name":"wp","href":"https:\/\/api.w.org\/{rel}","templated":true}]}}