{"id":1436,"date":"2025-01-17T11:27:58","date_gmt":"2025-01-17T10:27:58","guid":{"rendered":"https:\/\/www.sehlberg.net\/ulla-undrar\/?p=1436"},"modified":"2025-01-17T11:27:59","modified_gmt":"2025-01-17T10:27:59","slug":"jag-irriterar-mig-pa","status":"publish","type":"post","link":"https:\/\/www.sehlberg.net\/ulla-undrar\/jag-irriterar-mig-pa\/","title":{"rendered":"Jag irriterar mig p\u00e5&#8230;"},"content":{"rendered":"\n<p>Tack f\u00f6r de som kommenterade mitt f\u00f6rra inl\u00e4gg. Just nu leder historien om Marta och Maria. Den historien b\u00f6rjade jag fundera p\u00e5 en dag n\u00e4r jag undrade vad som finns i m\u00e4nniskors inre. Vad driver dem, vad funderar de p\u00e5 och vad har format dem.<\/p>\n\n\n\n<p>Men nu till n\u00e5got helt annat.<\/p>\n\n\n\n<p>Vi satt vid matbordet. Det var en f\u00f6rpackning med fil som skulle \u00f6ppnas. P\u00e5 filf\u00f6rpackningen satt en plastkork. Jag skruvade upp den, men locket satt fast p\u00e5 ett st\u00e4lle. Det \u00e4r visst det nya som f\u00f6rpackningsindustrin b\u00f6rjat med att plastlocken ska sitta kvar. Men, vad h\u00e4nder d\u00e5? Filen fastar i locket n\u00e4r man h\u00e4ller och n\u00e4r man skruvar igen det blir det s\u00f6ligt p\u00e5 hela f\u00f6rpackningen. <br>S\u00e5 plastlock som inte g\u00e5r att skruva loss irriterar jag mig p\u00e5.<\/p>\n\n\n\n<p>En del f\u00f6rpackningar, som t.ex bregott, Norrgott etc. har utanp\u00e5 kartong, innanf\u00f6r plast. F\u00f6r att kunna sortera f\u00f6rpackningarna m\u00e5ste plasten och kartongen s\u00e4ras \u00e5t och det \u00e4r n\u00e4stan om\u00f6jligt.<br>S\u00e5 jag irriterar mig ocks\u00e5 p\u00e5 f\u00f6rpackningar som inte \u00e4r anpassade f\u00f6r att l\u00e4tt kunna sorteras.<\/p>\n\n\n\n<p>Jag kan \u00e4ven irritera mig \u00f6ver m\u00e4nniskor som vill ta all plats och inte sl\u00e4ppa in de lite mer blyga och f\u00f6rsagda i samtalen. De som vill att allt ska handla om dem. <br>Eller m\u00e4nniskor som blir odjur n\u00e4r de s\u00e4tter sig i en bil. Det \u00e4r v\u00e4l n\u00e4r man k\u00f6r som man verkligen beh\u00f6ver vara lugn och sansad.<\/p>\n\n\n\n<p>Jag blir irriterad p\u00e5 allt f\u00f6r sn\u00e4va schabloner av m\u00e4nniskor, av kvinnor och av m\u00e4n. Vi \u00e4r mer \u00e4n de schabloner som s\u00e5 ofta m\u00e5las upp. Vi \u00e4r &#8221;komplicerade&#8221;, som Miss Li, brukar sjunga.<\/p>\n\n\n\n<p>Till sist blir jag irriterad p\u00e5 maktens folk, som tror att allt handlar om pengar. Som tror att bara f\u00f6r att man har pengar f\u00e5r man f\u00f6rst\u00f6ra milj\u00f6n, utnyttja m\u00e4nniskor eller f\u00e5 f\u00f6rdelar i sitt liv.<\/p>\n\n\n\n<p><strong>Dagens fr\u00e5ga:<\/strong><\/p>\n\n\n\n<p>Vad irriterar du dig p\u00e5?<\/p>\n\n\n\n<p class=\"has-small-font-size\"><strong>K<em>ommentera g\u00e4rna<\/em><\/strong><em>,<strong> j\u00e4tteroligt om du l\u00e4mnar en kommentar.<\/strong><\/em><strong> <\/strong><br><em>Tyv\u00e4rr f\u00e5r du inget mail n\u00e4r n\u00e5gon skriver svar p\u00e5 din kommentar, utan du m\u00e5ste komma tillbaka sj\u00e4lv till bloggen och kolla<\/em> <em>om<\/em> <em>n\u00e5gon svarat p\u00e5 din kommentar.<\/em><\/p>\n\n\n\n<p><br><strong>V<em>ill du veta n\u00e4r n\u00e4sta blogginl\u00e4gg kommer<\/em><\/strong><em>.<\/em> <a href=\"https:\/\/www.sehlberg.net\/ulla-undrar\/prenumerera\/\">Anm\u00e4l dig h\u00e4r!<\/a><\/p>\n","protected":false},"excerpt":{"rendered":"<p>Tack f\u00f6r de som kommenterade mitt f\u00f6rra inl\u00e4gg. Just nu leder historien om Marta och Maria. Den historien b\u00f6rjade jag fundera p\u00e5 en dag n\u00e4r jag undrade vad som finns i m\u00e4nniskors inre. Vad driver dem, vad funderar de p\u00e5 och vad har format dem. Men nu till n\u00e5got helt annat. Vi satt vid matbordet. [&hellip;]<\/p>\n","protected":false},"author":2,"featured_media":1445,"comment_status":"open","ping_status":"open","sticky":false,"template":"","format":"standard","meta":{"footnotes":""},"categories":[7],"tags":[],"class_list":["post-1436","post","type-post","status-publish","format-standard","has-post-thumbnail","hentry","category-livet"],"_links":{"self":[{"href":"https:\/\/www.sehlberg.net\/ulla-undrar\/wp-json\/wp\/v2\/posts\/1436","targetHints":{"allow":["GET"]}}],"collection":[{"href":"https:\/\/www.sehlberg.net\/ulla-undrar\/wp-json\/wp\/v2\/posts"}],"about":[{"href":"https:\/\/www.sehlberg.net\/ulla-undrar\/wp-json\/wp\/v2\/types\/post"}],"author":[{"embeddable":true,"href":"https:\/\/www.sehlberg.net\/ulla-undrar\/wp-json\/wp\/v2\/users\/2"}],"replies":[{"embeddable":true,"href":"https:\/\/www.sehlberg.net\/ulla-undrar\/wp-json\/wp\/v2\/comments?post=1436"}],"version-history":[{"count":2,"href":"https:\/\/www.sehlberg.net\/ulla-undrar\/wp-json\/wp\/v2\/posts\/1436\/revisions"}],"predecessor-version":[{"id":1480,"href":"https:\/\/www.sehlberg.net\/ulla-undrar\/wp-json\/wp\/v2\/posts\/1436\/revisions\/1480"}],"wp:featuredmedia":[{"embeddable":true,"href":"https:\/\/www.sehlberg.net\/ulla-undrar\/wp-json\/wp\/v2\/media\/1445"}],"wp:attachment":[{"href":"https:\/\/www.sehlberg.net\/ulla-undrar\/wp-json\/wp\/v2\/media?parent=1436"}],"wp:term":[{"taxonomy":"category","embeddable":true,"href":"https:\/\/www.sehlberg.net\/ulla-undrar\/wp-json\/wp\/v2\/categories?post=1436"},{"taxonomy":"post_tag","embeddable":true,"href":"https:\/\/www.sehlberg.net\/ulla-undrar\/wp-json\/wp\/v2\/tags?post=1436"}],"curies":[{"name":"wp","href":"https:\/\/api.w.org\/{rel}","templated":true}]}}