{"id":1414,"date":"2024-04-11T12:29:20","date_gmt":"2024-04-11T10:29:20","guid":{"rendered":"https:\/\/www.sehlberg.net\/ulla-undrar\/?p=1414"},"modified":"2024-04-11T12:29:20","modified_gmt":"2024-04-11T10:29:20","slug":"dekonstruerad","status":"publish","type":"post","link":"https:\/\/www.sehlberg.net\/ulla-undrar\/dekonstruerad\/","title":{"rendered":"Dekonstruerad"},"content":{"rendered":"\n<p>Ett nytt ord som jag uppt\u00e4ckt den senaste tiden. Det har f\u00f6r mig handlat mest om mat. Dekonstruerad \u00e4ppelpaj bj\u00f6d jag p\u00e5 i helgen. Men vad \u00e4r det f\u00f6r ord egentligen? Jag b\u00f6rjade s\u00f6ka i uppslagsb\u00f6cker och fann detta fr\u00e5n NE (Nationalencyklopedin)<\/p>\n\n\n\n<h3 class=\"wp-block-heading\">dekonstruera&nbsp;<small>[dekonstrue\u00b4ra]<\/small>&nbsp;&#8211;<em> genomf\u00f6ra dekonstruktion av&nbsp;<small>\u00e4ven ngt&nbsp;<\/small><\/em><\/h3>\n\n\n\n<h3 class=\"wp-block-heading\">dekonstruktion&nbsp;<small>[-\u222bo\u00b4n]<\/small>&nbsp;&#8211; <em><small>litt.vet. spr\u00e5kvet.&nbsp;<\/small>ing\u00e5ende textanalys som avses blottl\u00e4gga dolda inneb\u00f6rder<\/em><\/h3>\n\n\n\n<p>Jag gick sedan in p\u00e5 wikipedia och d\u00e4r fanns dekonstruktion och en l\u00e5ng beskrivning. D\u00e4r det s\u00e4gs att det \u00e4r en filosofisk och litteraturvetenskaplig term. Den franska filosofen Jacques Derrida var mannen som ligger bakom ordet som aldrig ville l\u00e4mna en strikt definition av vad dekonstruktion egentligen var. Men samtidigt beskrivs det att det \u00e4r en frig\u00f6rande tolkning av texter f\u00f6r att finna dolda antaganden bakom texten.<br>Denna filosof Derrida n\u00e4mndes \u00e4ven i NE:S uppslagsverk.<\/p>\n\n\n\n<p>Men s\u00e4ger det er s\u00e5 mycket? Dekonstruktion l\u00e5ter som ett spiondrama n\u00e4r man s\u00f6ker dolda tecken bakom det som skrivs. F\u00f6r att finna n\u00e5got nytt. Kanske en skatt.<\/p>\n\n\n\n<p>Det fick mig att t\u00e4nka p\u00e5 jul. D\u00e5 brukade jag skriva sm\u00e5 texter som barnen skulle tolka f\u00f6r att hitta ytterligare en ledtr\u00e5d och till sist en julklapp.<br>&#8221;Platt som pannkakan &#8211; Blir b\u00e5de \u00f6rngott och lakan&#8221; ( Denna ledtr\u00e5d ledde barnen till mangeln)<br>S\u00e5 \u00e4r detta en dekonstruktion? N\u00e4 det tror jag inte. Det ligger nog \u00f6ver min filosofiska och litteraturvetenskapliga niv\u00e5. <br>Men sp\u00e4nnande ord, tycker jag.<\/p>\n\n\n\n<p>Men dekonstruerar \u00e4ppelpaj d\u00e5? Ja inom matlagning har jag f\u00f6rst\u00e5tt att man g\u00f6r om en matr\u00e4tt genom att dela upp den i dess best\u00e5ndsdelar. S\u00e5 n\u00e4r jag g\u00f6r en dekonstruerar \u00e4ppelpaj, s\u00e5 steker jag \u00e4pplena f\u00f6r sig, g\u00f6r en knaprig pajdeg i smulor f\u00f6r sig och g\u00f6r en kolas\u00e5s till detta, som jag serverar glass till. D\u00e5 kan alla ta av de delar de vill i den proportion de vill.<br>Men varf\u00f6r g\u00f6r jag s\u00e5? Jo egentligen f\u00f6r att jag inte har assietter s\u00e5 det r\u00e4cker, s\u00e5 jag m\u00e5ste servera efterr\u00e4tten i djuptallrikar.<\/p>\n\n\n\n<p>Men jag k\u00e4nner mig modern, n\u00e4r jag kallar det &#8221;Dekonstruerad \u00e4ppelpaj&#8221;.<\/p>\n\n\n\n<p><strong>Dagens fr\u00e5ga:<\/strong><\/p>\n\n\n\n<p>Vad har du dekonstruerat? <\/p>\n\n\n\n<p class=\"has-small-font-size\"><strong>K<em>ommentera g\u00e4rna<\/em><\/strong><em>,<strong> j\u00e4tteroligt om du l\u00e4mnar en kommentar.<\/strong><\/em><strong> <\/strong><br><em>Tyv\u00e4rr f\u00e5r du inget mail n\u00e4r n\u00e5gon skriver svar p\u00e5 din kommentar, utan du m\u00e5ste komma tillbaka sj\u00e4lv till bloggen och kolla<\/em> <em>om<\/em> <em>n\u00e5gon svarat p\u00e5 din kommentar.<\/em><\/p>\n\n\n\n<p><br><strong>V<em>ill du veta n\u00e4r n\u00e4sta blogginl\u00e4gg kommer<\/em><\/strong><em>.<\/em> <a href=\"https:\/\/www.sehlberg.net\/ulla-undrar\/prenumerera\/\">Anm\u00e4l dig h\u00e4r!<\/a><\/p>\n","protected":false},"excerpt":{"rendered":"<p>Ett nytt ord som jag uppt\u00e4ckt den senaste tiden. Det har f\u00f6r mig handlat mest om mat. Dekonstruerad \u00e4ppelpaj bj\u00f6d jag p\u00e5 i helgen. Men vad \u00e4r det f\u00f6r ord egentligen? Jag b\u00f6rjade s\u00f6ka i uppslagsb\u00f6cker och fann detta fr\u00e5n NE (Nationalencyklopedin) dekonstruera&nbsp;[dekonstrue\u00b4ra]&nbsp;&#8211; genomf\u00f6ra dekonstruktion av&nbsp;\u00e4ven ngt&nbsp; dekonstruktion&nbsp;[-\u222bo\u00b4n]&nbsp;&#8211; litt.vet. spr\u00e5kvet.&nbsp;ing\u00e5ende textanalys som avses blottl\u00e4gga dolda [&hellip;]<\/p>\n","protected":false},"author":2,"featured_media":1418,"comment_status":"open","ping_status":"open","sticky":false,"template":"","format":"standard","meta":{"footnotes":""},"categories":[3],"tags":[],"class_list":["post-1414","post","type-post","status-publish","format-standard","has-post-thumbnail","hentry","category-allmant"],"_links":{"self":[{"href":"https:\/\/www.sehlberg.net\/ulla-undrar\/wp-json\/wp\/v2\/posts\/1414","targetHints":{"allow":["GET"]}}],"collection":[{"href":"https:\/\/www.sehlberg.net\/ulla-undrar\/wp-json\/wp\/v2\/posts"}],"about":[{"href":"https:\/\/www.sehlberg.net\/ulla-undrar\/wp-json\/wp\/v2\/types\/post"}],"author":[{"embeddable":true,"href":"https:\/\/www.sehlberg.net\/ulla-undrar\/wp-json\/wp\/v2\/users\/2"}],"replies":[{"embeddable":true,"href":"https:\/\/www.sehlberg.net\/ulla-undrar\/wp-json\/wp\/v2\/comments?post=1414"}],"version-history":[{"count":4,"href":"https:\/\/www.sehlberg.net\/ulla-undrar\/wp-json\/wp\/v2\/posts\/1414\/revisions"}],"predecessor-version":[{"id":1421,"href":"https:\/\/www.sehlberg.net\/ulla-undrar\/wp-json\/wp\/v2\/posts\/1414\/revisions\/1421"}],"wp:featuredmedia":[{"embeddable":true,"href":"https:\/\/www.sehlberg.net\/ulla-undrar\/wp-json\/wp\/v2\/media\/1418"}],"wp:attachment":[{"href":"https:\/\/www.sehlberg.net\/ulla-undrar\/wp-json\/wp\/v2\/media?parent=1414"}],"wp:term":[{"taxonomy":"category","embeddable":true,"href":"https:\/\/www.sehlberg.net\/ulla-undrar\/wp-json\/wp\/v2\/categories?post=1414"},{"taxonomy":"post_tag","embeddable":true,"href":"https:\/\/www.sehlberg.net\/ulla-undrar\/wp-json\/wp\/v2\/tags?post=1414"}],"curies":[{"name":"wp","href":"https:\/\/api.w.org\/{rel}","templated":true}]}}