{"id":1410,"date":"2024-04-05T09:37:09","date_gmt":"2024-04-05T07:37:09","guid":{"rendered":"https:\/\/www.sehlberg.net\/ulla-undrar\/?p=1410"},"modified":"2024-04-05T09:37:09","modified_gmt":"2024-04-05T07:37:09","slug":"statistik-lyx-och-barnbarn","status":"publish","type":"post","link":"https:\/\/www.sehlberg.net\/ulla-undrar\/statistik-lyx-och-barnbarn\/","title":{"rendered":"Statistik, lyx och barnbarn"},"content":{"rendered":"\n<p>Det \u00e4r roligt att se hur m\u00e5nga bes\u00f6kare jag har p\u00e5 bloggen. \u00c4nnu leder &#8221;Antimakass&#8221;, b\u00e5de med antal bes\u00f6kare och antal kommentarer. Det \u00e4r intressant att se att ett ovanligt ord kunde v\u00e4cka s\u00e5dant intresse. <br>Det inneb\u00e4r att jag m\u00e5ste klura p\u00e5 fler lite ok\u00e4nda ord.<\/p>\n\n\n\n<p>Ett av mina barnbarn kollade p\u00e5 min mobil och s\u00e5g en app hon inte k\u00e4nde igen.<br>&#8221;Det \u00e4r till min blogg&#8221;, sa jag.<br>&#8221;Blogg?&#8221;, sa hon.<br>&#8221;Ja, jag har en egen blogg&#8221;, svarade jag henne.<br>Till svar fick jag h\u00f6jda \u00f6gonbryn och en grimas. Vet inte hur jag ska tolka henne \ud83d\ude42<br>Hon verkade inte intresserad att l\u00e4sa den.<\/p>\n\n\n\n<p>Men en blogg hur ser den ut idag? Eller ska det vara klipp p\u00e5 YouTube, Tiktok eller bilder p\u00e5 Instagram? <br>Jag vet inte. Vad handlar bloggarna om?<br>Smink, kl\u00e4der, lyxresor eller? <br>Vet att det finns de som l\u00e4gger ut recept och skriver om sina b\u00f6cker. <br>I min kommer ni inte f\u00e5 l\u00e4sa om smink eller lyx. Eller vad \u00e4r lyx?<br>Lyx \u00e4r att komma ut och det \u00e4r barmark. Att g\u00e5 utan att vara r\u00e4dd att halka eller snava. Det \u00e4r lyx f\u00f6r mig som drabbats av en Droppfot. S\u00e5 okej, s\u00e5dan lyx kommer ni att f\u00e5 l\u00e4sa om.<\/p>\n\n\n\n<p>Fast den st\u00f6rsta lyxen idag \u00e4r nog v\u00e5ra barnbarn. Den lyxen vill jag inte vara utan.<\/p>\n\n\n\n<p><strong>Dagens fr\u00e5ga:<\/strong><\/p>\n\n\n\n<p><em>Vad \u00e4r lyx f\u00f6r dig??<\/em><\/p>\n\n\n\n<p class=\"has-small-font-size\"><strong>K<em>ommentera g\u00e4rna<\/em><\/strong><em>,<strong> j\u00e4tteroligt om du l\u00e4mnar en kommentar.<\/strong><\/em><strong> <\/strong><br><em>Tyv\u00e4rr f\u00e5r du inget mail n\u00e4r n\u00e5gon skriver svar p\u00e5 din kommentar, utan du m\u00e5ste komma tillbaka sj\u00e4lv till bloggen och kolla<\/em> <em>om<\/em> <em>n\u00e5gon svarat p\u00e5 din kommentar.<\/em><\/p>\n\n\n\n<p><br><strong>V<em>ill du veta n\u00e4r n\u00e4sta blogginl\u00e4gg kommer<\/em><\/strong><em>.<\/em> <a href=\"https:\/\/www.sehlberg.net\/ulla-undrar\/prenumerera\/\">Anm\u00e4l dig h\u00e4r!<\/a><\/p>\n\n\n\n<p><br><\/p>\n","protected":false},"excerpt":{"rendered":"<p>Det \u00e4r roligt att se hur m\u00e5nga bes\u00f6kare jag har p\u00e5 bloggen. \u00c4nnu leder &#8221;Antimakass&#8221;, b\u00e5de med antal bes\u00f6kare och antal kommentarer. Det \u00e4r intressant att se att ett ovanligt ord kunde v\u00e4cka s\u00e5dant intresse. Det inneb\u00e4r att jag m\u00e5ste klura p\u00e5 fler lite ok\u00e4nda ord. Ett av mina barnbarn kollade p\u00e5 min mobil och [&hellip;]<\/p>\n","protected":false},"author":2,"featured_media":1417,"comment_status":"open","ping_status":"open","sticky":false,"template":"","format":"standard","meta":{"footnotes":""},"categories":[7],"tags":[],"class_list":["post-1410","post","type-post","status-publish","format-standard","has-post-thumbnail","hentry","category-livet"],"_links":{"self":[{"href":"https:\/\/www.sehlberg.net\/ulla-undrar\/wp-json\/wp\/v2\/posts\/1410","targetHints":{"allow":["GET"]}}],"collection":[{"href":"https:\/\/www.sehlberg.net\/ulla-undrar\/wp-json\/wp\/v2\/posts"}],"about":[{"href":"https:\/\/www.sehlberg.net\/ulla-undrar\/wp-json\/wp\/v2\/types\/post"}],"author":[{"embeddable":true,"href":"https:\/\/www.sehlberg.net\/ulla-undrar\/wp-json\/wp\/v2\/users\/2"}],"replies":[{"embeddable":true,"href":"https:\/\/www.sehlberg.net\/ulla-undrar\/wp-json\/wp\/v2\/comments?post=1410"}],"version-history":[{"count":3,"href":"https:\/\/www.sehlberg.net\/ulla-undrar\/wp-json\/wp\/v2\/posts\/1410\/revisions"}],"predecessor-version":[{"id":1413,"href":"https:\/\/www.sehlberg.net\/ulla-undrar\/wp-json\/wp\/v2\/posts\/1410\/revisions\/1413"}],"wp:featuredmedia":[{"embeddable":true,"href":"https:\/\/www.sehlberg.net\/ulla-undrar\/wp-json\/wp\/v2\/media\/1417"}],"wp:attachment":[{"href":"https:\/\/www.sehlberg.net\/ulla-undrar\/wp-json\/wp\/v2\/media?parent=1410"}],"wp:term":[{"taxonomy":"category","embeddable":true,"href":"https:\/\/www.sehlberg.net\/ulla-undrar\/wp-json\/wp\/v2\/categories?post=1410"},{"taxonomy":"post_tag","embeddable":true,"href":"https:\/\/www.sehlberg.net\/ulla-undrar\/wp-json\/wp\/v2\/tags?post=1410"}],"curies":[{"name":"wp","href":"https:\/\/api.w.org\/{rel}","templated":true}]}}