{"id":1329,"date":"2022-04-14T13:09:39","date_gmt":"2022-04-14T11:09:39","guid":{"rendered":"https:\/\/www.sehlberg.net\/ulla-undrar\/?p=1329"},"modified":"2022-04-14T13:09:39","modified_gmt":"2022-04-14T11:09:39","slug":"sanger-som-speglar-livet-eller-tvartom","status":"publish","type":"post","link":"https:\/\/www.sehlberg.net\/ulla-undrar\/sanger-som-speglar-livet-eller-tvartom\/","title":{"rendered":"S\u00e5nger som speglar livet eller tv\u00e4rtom"},"content":{"rendered":"\n<p>Ofta anv\u00e4nder jag citat fr\u00e5n s\u00e5ngtexter n\u00e4r jag ska beskriva n\u00e5got. Det kan vara \u201dDet g\u00f6r ont, det g\u00f6r ont\u201d n\u00e4r man sl\u00e5r sig. Eller \u201dlilla snigel akta dig\u201d, n\u00e4r man g\u00e5r p\u00e5 gr\u00e4smattan och ser en snigel.<\/p>\n\n\n\n<p>N\u00e4r f\u00f6rsta sn\u00f6n kommer, blir det ofta en snutt ut \u201dja, se det sn\u00f6ar, ja, se det sn\u00f6ar, det var v\u00e4l roligt hurra\u201d. N\u00e4r den kommer i april blir det ist\u00e4llet \u201dKom och ta mig l\u00e5ngt h\u00e4rifr\u00e5n\u201d, g\u00e4rna med en klapp efter.<\/p>\n\n\n\n<p>\u201dI ett regnigt Europa rullar vi fram\u201d har jag anv\u00e4nt n\u00e5gra g\u00e5nger. Eller som alternativ \u201djag har bara regn hos mig\u201d. Just nu l\u00e4ngtar jag efter att f\u00e5 anv\u00e4nda frasen \u201dsommar, sommar och sol\u201d.<\/p>\n\n\n\n<p>N\u00e4r man st\u00e5r fr\u00e5gande och inte vet blir det g\u00e4rna \u201dVem vet inte jag, vem vet inte du\u201d. \u201dMorgon mellan fj\u00e4llen, h\u00f6r hur b\u00e4ck och flod\u201d, \u00e4r en bra s\u00e5ng att ta till n\u00e4r man befinner sig i Hemavan.<\/p>\n\n\n\n<p>\u201dN\u00e4r man blir kaffesugen g\u00e5r det alltid att nynna p\u00e5 \u201dkaffekaffet\u00e5ren den \u00e4r bra\u201d eller \u201dkaffe utan gr\u00e4dde \u00e4r som k\u00e4rlek utan kyssar\u201d.<\/p>\n\n\n\n<p>Om ett tag ska vi \u201don the road igen\u201d f\u00f6r att shoppa p\u00e5 Agda och vilken s\u00e5ng kan man t\u00e4nka p\u00e5 d\u00e5?<\/p>\n\n\n\n<p>Det var n\u00e5gra exempel p\u00e5 s\u00e5ngcitat som \u00e4r anv\u00e4ndbara.&nbsp;<\/p>\n\n\n\n<p><\/p>\n\n\n\n<p class=\"has-small-font-size\"><strong>K<em>ommentera g\u00e4rna<\/em><\/strong><em>,<strong> j\u00e4tteroligt om du l\u00e4mnar en kommentar.<\/strong><\/em><\/p>\n\n\n\n<p><br><strong>V<em>ill du veta n\u00e4r n\u00e4sta blogginl\u00e4gg kommer<\/em><\/strong><em>.<\/em> <a href=\"https:\/\/www.sehlberg.net\/ulla-undrar\/prenumerera\/\">Anm\u00e4l dig h\u00e4r!<\/a><\/p>\n","protected":false},"excerpt":{"rendered":"<p>Ofta anv\u00e4nder jag citat fr\u00e5n s\u00e5ngtexter n\u00e4r jag ska beskriva n\u00e5got. Det kan vara \u201dDet g\u00f6r ont, det g\u00f6r ont\u201d n\u00e4r man sl\u00e5r sig. Eller \u201dlilla snigel akta dig\u201d, n\u00e4r man g\u00e5r p\u00e5 gr\u00e4smattan och ser en snigel. N\u00e4r f\u00f6rsta sn\u00f6n kommer, blir det ofta en snutt ut \u201dja, se det sn\u00f6ar, ja, se det [&hellip;]<\/p>\n","protected":false},"author":2,"featured_media":864,"comment_status":"open","ping_status":"open","sticky":false,"template":"","format":"standard","meta":{"footnotes":""},"categories":[3],"tags":[],"class_list":["post-1329","post","type-post","status-publish","format-standard","has-post-thumbnail","hentry","category-allmant"],"_links":{"self":[{"href":"https:\/\/www.sehlberg.net\/ulla-undrar\/wp-json\/wp\/v2\/posts\/1329","targetHints":{"allow":["GET"]}}],"collection":[{"href":"https:\/\/www.sehlberg.net\/ulla-undrar\/wp-json\/wp\/v2\/posts"}],"about":[{"href":"https:\/\/www.sehlberg.net\/ulla-undrar\/wp-json\/wp\/v2\/types\/post"}],"author":[{"embeddable":true,"href":"https:\/\/www.sehlberg.net\/ulla-undrar\/wp-json\/wp\/v2\/users\/2"}],"replies":[{"embeddable":true,"href":"https:\/\/www.sehlberg.net\/ulla-undrar\/wp-json\/wp\/v2\/comments?post=1329"}],"version-history":[{"count":3,"href":"https:\/\/www.sehlberg.net\/ulla-undrar\/wp-json\/wp\/v2\/posts\/1329\/revisions"}],"predecessor-version":[{"id":1332,"href":"https:\/\/www.sehlberg.net\/ulla-undrar\/wp-json\/wp\/v2\/posts\/1329\/revisions\/1332"}],"wp:featuredmedia":[{"embeddable":true,"href":"https:\/\/www.sehlberg.net\/ulla-undrar\/wp-json\/wp\/v2\/media\/864"}],"wp:attachment":[{"href":"https:\/\/www.sehlberg.net\/ulla-undrar\/wp-json\/wp\/v2\/media?parent=1329"}],"wp:term":[{"taxonomy":"category","embeddable":true,"href":"https:\/\/www.sehlberg.net\/ulla-undrar\/wp-json\/wp\/v2\/categories?post=1329"},{"taxonomy":"post_tag","embeddable":true,"href":"https:\/\/www.sehlberg.net\/ulla-undrar\/wp-json\/wp\/v2\/tags?post=1329"}],"curies":[{"name":"wp","href":"https:\/\/api.w.org\/{rel}","templated":true}]}}