{"id":1318,"date":"2022-03-28T15:09:58","date_gmt":"2022-03-28T13:09:58","guid":{"rendered":"https:\/\/www.sehlberg.net\/ulla-undrar\/?p=1318"},"modified":"2022-03-28T15:09:58","modified_gmt":"2022-03-28T13:09:58","slug":"festen-som-kom-av-sig","status":"publish","type":"post","link":"https:\/\/www.sehlberg.net\/ulla-undrar\/festen-som-kom-av-sig\/","title":{"rendered":"Festen som kom av sig"},"content":{"rendered":"\n<p>\u00c4ntligen! Corona skulle vara besegrat. Vi skulle f\u00e5  b\u00f6rja tr\u00e4ffas, vilken fest det skulle bli.<\/p>\n\n\n\n<p>Men\u2026 Vi hade den h\u00f6gsta smittspridningen just n\u00e4r restriktionerna sl\u00e4pptes. B\u00e4st att forts\u00e4tta att vara f\u00f6rsiktig. Men snart&#8230;<\/p>\n\n\n\n<p>Sedan kom kriget. Det g\u00e5r inte att fira n\u00e4r ett land drabbats av krig. S\u00e5 mycket lidande, s\u00e5 m\u00e5nga drabbade. S\u00e5 on\u00f6digt.<\/p>\n\n\n\n<p>Men visst finns det ljusglimtar, men just nu k\u00e4nns de s\u00e5 futtiga. Att vara glad f\u00f6r att man fortfarande \u00e4r frisk och lever i ett land med fred k\u00e4nns n\u00e4stan sj\u00e4lviskt. Men det \u00e4r jag. Jag \u00e4r glad f\u00f6r det, men lider med de som inte har den f\u00f6rm\u00e5nen.<\/p>\n\n\n\n<p>Vi tar festen sen&#8230;<\/p>\n\n\n\n<p>Var r\u00e4dda om er. Vad r\u00e4dda om freden och varandra.<\/p>\n\n\n\n<p><\/p>\n\n\n\n<p class=\"has-small-font-size\"><strong>K<em>ommentera g\u00e4rna<\/em><\/strong><em>,<strong> j\u00e4tteroligt om du l\u00e4mnar en kommentar.<\/strong><\/em><\/p>\n\n\n\n<p><br><strong>V<em>ill du veta n\u00e4r n\u00e4sta blogginl\u00e4gg kommer<\/em><\/strong><em>.<\/em> <a href=\"https:\/\/www.sehlberg.net\/ulla-undrar\/prenumerera\/\">Anm\u00e4l dig h\u00e4r!<\/a><\/p>\n","protected":false},"excerpt":{"rendered":"<p>\u00c4ntligen! Corona skulle vara besegrat. Vi skulle f\u00e5 b\u00f6rja tr\u00e4ffas, vilken fest det skulle bli. Men\u2026 Vi hade den h\u00f6gsta smittspridningen just n\u00e4r restriktionerna sl\u00e4pptes. B\u00e4st att forts\u00e4tta att vara f\u00f6rsiktig. Men snart&#8230; Sedan kom kriget. Det g\u00e5r inte att fira n\u00e4r ett land drabbats av krig. S\u00e5 mycket lidande, s\u00e5 m\u00e5nga drabbade. S\u00e5 on\u00f6digt. [&hellip;]<\/p>\n","protected":false},"author":2,"featured_media":1319,"comment_status":"open","ping_status":"open","sticky":false,"template":"","format":"standard","meta":{"footnotes":""},"categories":[7],"tags":[],"class_list":["post-1318","post","type-post","status-publish","format-standard","has-post-thumbnail","hentry","category-livet"],"_links":{"self":[{"href":"https:\/\/www.sehlberg.net\/ulla-undrar\/wp-json\/wp\/v2\/posts\/1318","targetHints":{"allow":["GET"]}}],"collection":[{"href":"https:\/\/www.sehlberg.net\/ulla-undrar\/wp-json\/wp\/v2\/posts"}],"about":[{"href":"https:\/\/www.sehlberg.net\/ulla-undrar\/wp-json\/wp\/v2\/types\/post"}],"author":[{"embeddable":true,"href":"https:\/\/www.sehlberg.net\/ulla-undrar\/wp-json\/wp\/v2\/users\/2"}],"replies":[{"embeddable":true,"href":"https:\/\/www.sehlberg.net\/ulla-undrar\/wp-json\/wp\/v2\/comments?post=1318"}],"version-history":[{"count":3,"href":"https:\/\/www.sehlberg.net\/ulla-undrar\/wp-json\/wp\/v2\/posts\/1318\/revisions"}],"predecessor-version":[{"id":1326,"href":"https:\/\/www.sehlberg.net\/ulla-undrar\/wp-json\/wp\/v2\/posts\/1318\/revisions\/1326"}],"wp:featuredmedia":[{"embeddable":true,"href":"https:\/\/www.sehlberg.net\/ulla-undrar\/wp-json\/wp\/v2\/media\/1319"}],"wp:attachment":[{"href":"https:\/\/www.sehlberg.net\/ulla-undrar\/wp-json\/wp\/v2\/media?parent=1318"}],"wp:term":[{"taxonomy":"category","embeddable":true,"href":"https:\/\/www.sehlberg.net\/ulla-undrar\/wp-json\/wp\/v2\/categories?post=1318"},{"taxonomy":"post_tag","embeddable":true,"href":"https:\/\/www.sehlberg.net\/ulla-undrar\/wp-json\/wp\/v2\/tags?post=1318"}],"curies":[{"name":"wp","href":"https:\/\/api.w.org\/{rel}","templated":true}]}}