{"id":1298,"date":"2022-01-29T15:37:28","date_gmt":"2022-01-29T14:37:28","guid":{"rendered":"https:\/\/www.sehlberg.net\/ulla-undrar\/?p=1298"},"modified":"2022-01-29T16:59:17","modified_gmt":"2022-01-29T15:59:17","slug":"vill-du-ladda-ned-boken-gratis","status":"publish","type":"post","link":"https:\/\/www.sehlberg.net\/ulla-undrar\/vill-du-ladda-ned-boken-gratis\/","title":{"rendered":"Vill du ladda ned boken gratis?"},"content":{"rendered":"\n<p>Som jag ber\u00e4ttat om tidigare, s\u00e5 skriver jag en hel del. Ett manus har ni f\u00e5tt m\u00f6jlighet att l\u00e4sa &#8221;\u00c4ven det dolda ska bli synligt&#8221;<\/p>\n\n\n\n<p>Den var sp\u00e4nnande att skriva och jag fick l\u00e4ra mig mycket under v\u00e4gen. <br>Vet du hur det var under f\u00f6rsta och andra v\u00e4rldskriget i Sverige? Det har jag l\u00e4rt mig mycket om. Eller olympiaden i Berlin, n\u00e4r Hitler h\u00f6ll tal?<\/p>\n\n\n\n<p>Jag har f\u00e5tt ett par kommentarer fr\u00e5n personer som l\u00e4st ut hela och tyckte den var sp\u00e4nnande. Hoppas du ocks\u00e5 tycker det.<\/p>\n\n\n\n<p>Det finns n\u00e5gra av er som sagt &#8221;jag l\u00e4ser det senare&#8221;. F\u00f6r att g\u00f6ra det enklare f\u00f6r er finns den nu i en nedladdningsbar PDF. Klicka p\u00e5 nedanst\u00e5ende l\u00e4nk s\u00e5 kommer ni till en sida d\u00e4r den g\u00e5r att ladda ner. Det blev ett litet annat namn, men det \u00e4r samma bok.<\/p>\n\n\n\n<p><a href=\"https:\/\/www.sehlberg.net\/ulla-undrar\/aven-det-dolda-ska-uppdagas\/\"><strong><span class=\"has-inline-color has-vivid-cyan-blue-color\">\u00c4ven det dolda ska uppdagas<\/span><\/strong><\/a><\/p>\n\n\n\n<p><\/p>\n\n\n\n<p>Trevlig l\u00e4sning!<\/p>\n\n\n\n<p><\/p>\n\n\n\n<p class=\"has-small-font-size\"><strong>K<em>ommentera g\u00e4rna<\/em><\/strong><em>,<strong> j\u00e4tteroligt om du l\u00e4mnar en kommentar.<\/strong><\/em><br><em>Tyv\u00e4rr f\u00e5r du inget mail n\u00e4r n\u00e5gon skriver svar p\u00e5 din kommentar, utan du m\u00e5ste komma tillbaka sj\u00e4lv till bloggen och kolla<\/em> <em>om<\/em> <em>n\u00e5gon svarat p\u00e5 din kommentar.<\/em><\/p>\n\n\n\n<p><br><strong>V<em>ill du veta n\u00e4r n\u00e4sta blogginl\u00e4gg kommer<\/em><\/strong><em>.<\/em> <a href=\"https:\/\/www.sehlberg.net\/ulla-undrar\/prenumerera\/\">Anm\u00e4l dig h\u00e4r!<\/a><\/p>\n\n\n\n<p><\/p>\n","protected":false},"excerpt":{"rendered":"<p>Som jag ber\u00e4ttat om tidigare, s\u00e5 skriver jag en hel del. Ett manus har ni f\u00e5tt m\u00f6jlighet att l\u00e4sa &#8221;\u00c4ven det dolda ska bli synligt&#8221; Den var sp\u00e4nnande att skriva och jag fick l\u00e4ra mig mycket under v\u00e4gen. Vet du hur det var under f\u00f6rsta och andra v\u00e4rldskriget i Sverige? Det har jag l\u00e4rt mig [&hellip;]<\/p>\n","protected":false},"author":2,"featured_media":1299,"comment_status":"open","ping_status":"open","sticky":false,"template":"","format":"standard","meta":{"footnotes":""},"categories":[19],"tags":[],"class_list":["post-1298","post","type-post","status-publish","format-standard","has-post-thumbnail","hentry","category-bok-aven-det-dolda"],"_links":{"self":[{"href":"https:\/\/www.sehlberg.net\/ulla-undrar\/wp-json\/wp\/v2\/posts\/1298","targetHints":{"allow":["GET"]}}],"collection":[{"href":"https:\/\/www.sehlberg.net\/ulla-undrar\/wp-json\/wp\/v2\/posts"}],"about":[{"href":"https:\/\/www.sehlberg.net\/ulla-undrar\/wp-json\/wp\/v2\/types\/post"}],"author":[{"embeddable":true,"href":"https:\/\/www.sehlberg.net\/ulla-undrar\/wp-json\/wp\/v2\/users\/2"}],"replies":[{"embeddable":true,"href":"https:\/\/www.sehlberg.net\/ulla-undrar\/wp-json\/wp\/v2\/comments?post=1298"}],"version-history":[{"count":6,"href":"https:\/\/www.sehlberg.net\/ulla-undrar\/wp-json\/wp\/v2\/posts\/1298\/revisions"}],"predecessor-version":[{"id":1306,"href":"https:\/\/www.sehlberg.net\/ulla-undrar\/wp-json\/wp\/v2\/posts\/1298\/revisions\/1306"}],"wp:featuredmedia":[{"embeddable":true,"href":"https:\/\/www.sehlberg.net\/ulla-undrar\/wp-json\/wp\/v2\/media\/1299"}],"wp:attachment":[{"href":"https:\/\/www.sehlberg.net\/ulla-undrar\/wp-json\/wp\/v2\/media?parent=1298"}],"wp:term":[{"taxonomy":"category","embeddable":true,"href":"https:\/\/www.sehlberg.net\/ulla-undrar\/wp-json\/wp\/v2\/categories?post=1298"},{"taxonomy":"post_tag","embeddable":true,"href":"https:\/\/www.sehlberg.net\/ulla-undrar\/wp-json\/wp\/v2\/tags?post=1298"}],"curies":[{"name":"wp","href":"https:\/\/api.w.org\/{rel}","templated":true}]}}