{"id":1041,"date":"2021-11-19T14:10:09","date_gmt":"2021-11-19T13:10:09","guid":{"rendered":"https:\/\/www.sehlberg.net\/ulla-undrar\/?p=1041"},"modified":"2021-11-19T14:10:09","modified_gmt":"2021-11-19T13:10:09","slug":"allt-forloper-inte-fint-eller-att-skicka-in-till-bokforlag","status":"publish","type":"post","link":"https:\/\/www.sehlberg.net\/ulla-undrar\/allt-forloper-inte-fint-eller-att-skicka-in-till-bokforlag\/","title":{"rendered":"Allt f\u00f6rl\u00f6per inte fint &#8211; Eller &#8211; Att skicka in till bokf\u00f6rlag"},"content":{"rendered":"\n<p>Jag har nu hunnit f\u00e5 tre nej fr\u00e5n bokf\u00f6rlag p\u00e5 min bok \u201dArv, milj\u00f6 och en frysbox\u201d. Inte s\u00e5 kul och visst blir man ledsen varje g\u00e5ng. Men d\u00e5 f\u00e5r jag bara k\u00e4mpa vidare.<\/p>\n\n\n\n<p>&nbsp;T\u00e4nkte att jag skulle dela med mig hur de skriver sina Nej.&nbsp;<\/p>\n\n\n\n<hr class=\"wp-block-separator\"\/>\n\n\n\n<p>Nej tack 1.<\/p>\n\n\n\n<p>Hej Ulla!<br><br>Tack f\u00f6r att vi fick ta del av ditt manus Arv, milj\u00f6 och en frysbox.<br><br>Tyv\u00e4rr har vi nu beslutat att tacka nej till erbjudandet om utgivning. Varje \u00e5r f\u00e5r vi in cirka 1 000 svenska manus och utgivningsf\u00f6rslag till f\u00f6rlaget och av dem ger vi endast ut ett f\u00e5tal.<br><br>P\u00e5 grund av den stora m\u00e4ngden manus har vi s\u00e4llan m\u00f6jlighet att ge personliga omd\u00f6men.<\/p>\n\n\n\n<p>Nej tack 2.<\/p>\n\n\n\n<p>Hej Ulla,<br>Tack f\u00f6r att vi har f\u00e5tt ta del av ditt manus. Dessv\u00e4rre har vi beslutat oss f\u00f6r att tacka nej till utgivning av Arv, milj\u00f6 och en frysbox. Vi f\u00e5r in ett mycket stort antal manus varje \u00e5r och har d\u00e4rf\u00f6r endast m\u00f6jlighet att ge utf\u00f6rligare kommentarer i ett f\u00e5tal fall.<br><br>Tack f\u00f6r att du v\u00e4nde dig till oss!<\/p>\n\n\n\n<p>Nej tack 3.<\/p>\n\n\n\n<p>Hej!<br><br>Tack f\u00f6r erbjudandet att ge ut ditt manus. Efter en f\u00f6rsta bed\u00f6mning har vi kommit fram till att vi inte \u00e4r r\u00e4tt f\u00f6rlag f\u00f6r det du skrivit. Piratf\u00f6rlaget har en relativt liten utgivning och vi antar s\u00e4llan nya f\u00f6rfattare. Vi hoppas att du hittar ett annat f\u00f6rlag och \u00f6nskar dig lycka till.<\/p>\n\n\n\n<hr class=\"wp-block-separator\"\/>\n\n\n\n<p>D\u00e4remot vet jag inte hur ett JA TACK ser ut. Jag v\u00e4ntar och hoppas.<\/p>\n\n\n\n<p>K<em>ommentera g\u00e4rna. Tyv\u00e4rr f\u00e5r du inget mail n\u00e4r n\u00e5gon skriver svar p\u00e5 din kommentar, utan du m\u00e5ste komma tillbaka sj\u00e4lv till bloggen och kolla<\/em> <em>om<\/em> <em>n\u00e5gon svarat p\u00e5 din kommentar.<\/em><\/p>\n\n\n\n<p><br><strong>V<em>ill du veta n\u00e4r n\u00e4sta blogginl\u00e4gg kommer<\/em><\/strong><em>.<\/em> <a href=\"https:\/\/www.sehlberg.net\/ulla-undrar\/prenumerera\/\">Anm\u00e4l dig h\u00e4r!<\/a><\/p>\n","protected":false},"excerpt":{"rendered":"<p>Jag har nu hunnit f\u00e5 tre nej fr\u00e5n bokf\u00f6rlag p\u00e5 min bok \u201dArv, milj\u00f6 och en frysbox\u201d. Inte s\u00e5 kul och visst blir man ledsen varje g\u00e5ng. Men d\u00e5 f\u00e5r jag bara k\u00e4mpa vidare. &nbsp;T\u00e4nkte att jag skulle dela med mig hur de skriver sina Nej.&nbsp; Nej tack 1. Hej Ulla! Tack f\u00f6r att vi [&hellip;]<\/p>\n","protected":false},"author":2,"featured_media":1042,"comment_status":"open","ping_status":"open","sticky":false,"template":"","format":"standard","meta":{"footnotes":""},"categories":[16],"tags":[],"class_list":["post-1041","post","type-post","status-publish","format-standard","has-post-thumbnail","hentry","category-forfattande"],"_links":{"self":[{"href":"https:\/\/www.sehlberg.net\/ulla-undrar\/wp-json\/wp\/v2\/posts\/1041","targetHints":{"allow":["GET"]}}],"collection":[{"href":"https:\/\/www.sehlberg.net\/ulla-undrar\/wp-json\/wp\/v2\/posts"}],"about":[{"href":"https:\/\/www.sehlberg.net\/ulla-undrar\/wp-json\/wp\/v2\/types\/post"}],"author":[{"embeddable":true,"href":"https:\/\/www.sehlberg.net\/ulla-undrar\/wp-json\/wp\/v2\/users\/2"}],"replies":[{"embeddable":true,"href":"https:\/\/www.sehlberg.net\/ulla-undrar\/wp-json\/wp\/v2\/comments?post=1041"}],"version-history":[{"count":4,"href":"https:\/\/www.sehlberg.net\/ulla-undrar\/wp-json\/wp\/v2\/posts\/1041\/revisions"}],"predecessor-version":[{"id":1053,"href":"https:\/\/www.sehlberg.net\/ulla-undrar\/wp-json\/wp\/v2\/posts\/1041\/revisions\/1053"}],"wp:featuredmedia":[{"embeddable":true,"href":"https:\/\/www.sehlberg.net\/ulla-undrar\/wp-json\/wp\/v2\/media\/1042"}],"wp:attachment":[{"href":"https:\/\/www.sehlberg.net\/ulla-undrar\/wp-json\/wp\/v2\/media?parent=1041"}],"wp:term":[{"taxonomy":"category","embeddable":true,"href":"https:\/\/www.sehlberg.net\/ulla-undrar\/wp-json\/wp\/v2\/categories?post=1041"},{"taxonomy":"post_tag","embeddable":true,"href":"https:\/\/www.sehlberg.net\/ulla-undrar\/wp-json\/wp\/v2\/tags?post=1041"}],"curies":[{"name":"wp","href":"https:\/\/api.w.org\/{rel}","templated":true}]}}